{"id":621,"date":"2015-05-20T17:03:10","date_gmt":"2015-05-20T16:03:10","guid":{"rendered":"http:\/\/ok2jnj.ok2kld.cz\/ok2jnj\/?p=621"},"modified":"2016-08-16T05:45:50","modified_gmt":"2016-08-16T04:45:50","slug":"detsky-domek","status":"publish","type":"post","link":"https:\/\/ok2jnj.ok2kld.cz\/ok2jnj\/cs\/2015\/05\/detsky-domek\/","title":{"rendered":"D\u011btsk\u00fd domek na zahradu"},"content":{"rendered":"<p style=\"text-align: justify;\"><a href=\"https:\/\/ok2jnj.ok2kld.cz\/ok2jnj\/wp-content\/uploads\/2015\/05\/domek_0.jpg\"><img loading=\"lazy\" decoding=\"async\" class=\" size-medium wp-image-628 aligncenter\" src=\"https:\/\/ok2jnj.ok2kld.cz\/ok2jnj\/wp-content\/uploads\/2015\/05\/domek_0-366x274.jpg\" alt=\"domek_0\" width=\"366\" height=\"274\" srcset=\"https:\/\/ok2jnj.ok2kld.cz\/ok2jnj\/wp-content\/uploads\/2015\/05\/domek_0-366x274.jpg 366w, https:\/\/ok2jnj.ok2kld.cz\/ok2jnj\/wp-content\/uploads\/2015\/05\/domek_0-150x113.jpg 150w, https:\/\/ok2jnj.ok2kld.cz\/ok2jnj\/wp-content\/uploads\/2015\/05\/domek_0.jpg 1600w\" sizes=\"auto, (max-width: 366px) 100vw, 366px\" \/><\/a><\/p>\n<p style=\"text-align: justify;\">Stavbu rodinn\u00e9ho domu m\u00e1me za sebou a d\u011bti ve v\u011bku 3 a 5 let by cht\u011bly m\u00edt na zahrad\u011b sv\u016fj d\u011btsk\u00fd domek. P\u0159em\u00fd\u0161lel jsem, jak p\u0159i jeho stavb\u011b spot\u0159ebovat n\u011bjak\u00e9 zbytky ze stav\u011bn\u00ed: palety, d\u0159evot\u0159\u00edsku, OSB desky, st\u0159e\u0161n\u00ed lat\u011b, linoleum. Nakonec jedin\u00e9 co jsme kupovali byla st\u0159e\u0161n\u00ed krytina a panty. Abychom s man\u017eelkou z\u00edskali p\u0159edstavu o budouc\u00edm v\u00fdsledku na\u0161\u00ed spolupr\u00e1ce, ud\u011blal jsem n\u011bjak\u00fd n\u00e1\u010drtek. Na n\u011bm bylo uva\u017eov\u00e1no pou\u017eit\u00ed OSB desek form\u00e1tu 625 x 2050mm a tlou\u0161\u0165ky 18mm. Nakonec jsme v\u011bt\u0161inu ud\u011blali z velk\u00fdch tabul\u00ed d\u0159evot\u0159\u00edsky, tak\u017ee spoj\u016f je daleko m\u00ed\u0148 ne\u017e na obr\u00e1zku.<\/p>\n<p style=\"text-align: justify;\"><img loading=\"lazy\" decoding=\"async\" class=\"aligncenter size-full wp-image-622\" src=\"https:\/\/ok2jnj.ok2kld.cz\/ok2jnj\/wp-content\/uploads\/2015\/05\/Detsky_domek_1.png\" alt=\"Detsky_domek_1\" width=\"1279\" height=\"512\" srcset=\"https:\/\/ok2jnj.ok2kld.cz\/ok2jnj\/wp-content\/uploads\/2015\/05\/Detsky_domek_1.png 1279w, https:\/\/ok2jnj.ok2kld.cz\/ok2jnj\/wp-content\/uploads\/2015\/05\/Detsky_domek_1-150x60.png 150w, https:\/\/ok2jnj.ok2kld.cz\/ok2jnj\/wp-content\/uploads\/2015\/05\/Detsky_domek_1-366x147.png 366w\" sizes=\"auto, (max-width: 1279px) 100vw, 1279px\" \/><\/p>\n<p style=\"text-align: justify;\">Dvojici palet jsme spojili pomoc\u00ed n\u011bkolika lat\u00ed a vzty\u010dili bo\u010dn\u00ed st\u011bny domku. Na okraje \u0161t\u00edtov\u00fdch st\u011bn jsem p\u0159i\u0161rouboval st\u0159e\u0161n\u00ed lat\u011b 60x40mm. Spodn\u00ed konce lat\u00ed se op\u00edraj\u00ed o palety. Na tabule ur\u010den\u00e9 pro st\u0159echu jsou p\u0159i\u0161roubov\u00e1ny lat\u011b, kter\u00fdmi st\u0159echa zapadne do dome\u010dku. To je celkem d\u016fle\u017eit\u00e9, proto\u017ee po p\u0159ipevn\u011bn\u00ed krytiny u\u017e na st\u0159echu nep\u016fjde nic p\u0159i\u0161roubovat. Krytinu jsme p\u0159ib\u00edjeli na st\u0159echu na zemi a potom hotov\u00e9 poloviny st\u0159echy polo\u017eili na domek. Nakonec je\u0161t\u011b na podlahu p\u0159i\u0161roubovat zbytky OSB desek aby se zakryly mezery mezi deskami palet a cel\u00e9 to p\u0159ekr\u00fdt linoleem.<\/p>\n<p style=\"text-align: justify;\"><a href=\"https:\/\/ok2jnj.ok2kld.cz\/ok2jnj\/wp-content\/uploads\/2015\/05\/domek_4.jpg\"><img loading=\"lazy\" decoding=\"async\" class=\" size-medium wp-image-632 aligncenter\" src=\"https:\/\/ok2jnj.ok2kld.cz\/ok2jnj\/wp-content\/uploads\/2015\/05\/domek_4-366x274.jpg\" alt=\"domek_4\" width=\"366\" height=\"274\" srcset=\"https:\/\/ok2jnj.ok2kld.cz\/ok2jnj\/wp-content\/uploads\/2015\/05\/domek_4-366x274.jpg 366w, https:\/\/ok2jnj.ok2kld.cz\/ok2jnj\/wp-content\/uploads\/2015\/05\/domek_4-150x113.jpg 150w, https:\/\/ok2jnj.ok2kld.cz\/ok2jnj\/wp-content\/uploads\/2015\/05\/domek_4.jpg 1600w\" sizes=\"auto, (max-width: 366px) 100vw, 366px\" \/><\/a><\/p>\n<p style=\"text-align: justify;\"><a href=\"https:\/\/ok2jnj.ok2kld.cz\/ok2jnj\/wp-content\/uploads\/2015\/05\/domek_3.jpg\"><img loading=\"lazy\" decoding=\"async\" class=\" size-medium wp-image-631 aligncenter\" src=\"https:\/\/ok2jnj.ok2kld.cz\/ok2jnj\/wp-content\/uploads\/2015\/05\/domek_3-366x274.jpg\" alt=\"domek_3\" width=\"366\" height=\"274\" srcset=\"https:\/\/ok2jnj.ok2kld.cz\/ok2jnj\/wp-content\/uploads\/2015\/05\/domek_3-366x274.jpg 366w, https:\/\/ok2jnj.ok2kld.cz\/ok2jnj\/wp-content\/uploads\/2015\/05\/domek_3-150x113.jpg 150w, https:\/\/ok2jnj.ok2kld.cz\/ok2jnj\/wp-content\/uploads\/2015\/05\/domek_3.jpg 1600w\" sizes=\"auto, (max-width: 366px) 100vw, 366px\" \/><\/a><\/p>\n<p style=\"text-align: justify;\"><a href=\"https:\/\/ok2jnj.ok2kld.cz\/ok2jnj\/wp-content\/uploads\/2015\/05\/domek_2.jpg\"><img loading=\"lazy\" decoding=\"async\" class=\" size-medium wp-image-630 aligncenter\" src=\"https:\/\/ok2jnj.ok2kld.cz\/ok2jnj\/wp-content\/uploads\/2015\/05\/domek_2-366x274.jpg\" alt=\"domek_2\" width=\"366\" height=\"274\" srcset=\"https:\/\/ok2jnj.ok2kld.cz\/ok2jnj\/wp-content\/uploads\/2015\/05\/domek_2-366x274.jpg 366w, https:\/\/ok2jnj.ok2kld.cz\/ok2jnj\/wp-content\/uploads\/2015\/05\/domek_2-150x113.jpg 150w, https:\/\/ok2jnj.ok2kld.cz\/ok2jnj\/wp-content\/uploads\/2015\/05\/domek_2.jpg 1600w\" sizes=\"auto, (max-width: 366px) 100vw, 366px\" \/><\/a><\/p>\n<p style=\"text-align: justify;\"><a href=\"https:\/\/ok2jnj.ok2kld.cz\/ok2jnj\/wp-content\/uploads\/2015\/05\/domek_1.jpg\"><img loading=\"lazy\" decoding=\"async\" class=\" size-medium wp-image-629 aligncenter\" src=\"https:\/\/ok2jnj.ok2kld.cz\/ok2jnj\/wp-content\/uploads\/2015\/05\/domek_1-366x274.jpg\" alt=\"domek_1\" width=\"366\" height=\"274\" srcset=\"https:\/\/ok2jnj.ok2kld.cz\/ok2jnj\/wp-content\/uploads\/2015\/05\/domek_1-366x274.jpg 366w, https:\/\/ok2jnj.ok2kld.cz\/ok2jnj\/wp-content\/uploads\/2015\/05\/domek_1-150x113.jpg 150w, https:\/\/ok2jnj.ok2kld.cz\/ok2jnj\/wp-content\/uploads\/2015\/05\/domek_1.jpg 1600w\" sizes=\"auto, (max-width: 366px) 100vw, 366px\" \/><\/a><\/p>\n<p style=\"text-align: justify;\">Zat\u00edm jsem nep\u0159i\u0161el na to, jak vhodn\u011b upravit okraj st\u0159e\u0161n\u00ed krytiny z <a href=\"http:\/\/www.krytiny-strechy.cz\/katalog\/bitumenove-stresni-sindele\/charvat\/932857-bitumenovy-sindel-charbit-hobby-bobrovka-p.html\">asfaltov\u00fdch \u0161indel\u016f<\/a>. Nejsp\u00ed\u0161 pom\u016f\u017eou p\u00e1sy z titanzinkov\u00e9ho plechu.<\/p>\n<p style=\"text-align: justify;\">Dle po\u017eadavku d\u011bt\u00ed je nutn\u00fd stole\u010dek, z\u00e1clona, klika, n\u00e1t\u011bry a dal\u0161\u00ed vybaven\u00ed. Ale to budeme dopl\u0148ovat postupn\u011b.<\/p>\n","protected":false},"excerpt":{"rendered":"<p>Dvojici palet jsme spojili pomoc\u00ed n\u011bkolika lat\u00ed a vzty\u010dili bo\u010dn\u00ed st\u011bny domku. Na okraje \u0161t\u00edtov\u00fdch st\u011bn jsem p\u0159i\u0161rouboval st\u0159e\u0161n\u00ed lat\u011b 60x40mm.<\/p>\n","protected":false},"author":1,"featured_media":628,"comment_status":"open","ping_status":"open","sticky":false,"template":"","format":"standard","meta":{"footnotes":""},"categories":[2],"tags":[156,157,158],"class_list":["post-621","post","type-post","status-publish","format-standard","has-post-thumbnail","hentry","category-rodinny-dum","tag-children-house","tag-osb-deska","tag-paleta"],"yoast_head":"<!-- This site is optimized with the Yoast SEO plugin v26.8 - https:\/\/yoast.com\/product\/yoast-seo-wordpress\/ -->\n<title>D\u011btsk\u00fd domek na zahradu - Franti\u0161ek Posp\u00ed\u0161il<\/title>\n<meta name=\"description\" content=\"Stavbu rodinn\u00e9ho domku m\u00e1me za sebou no a d\u011bti ve v\u011bku 3 a 5 let by cht\u011bly m\u00edt na zahrad\u011b sv\u016fj d\u011btsk\u00fd domek\" \/>\n<meta name=\"robots\" content=\"index, follow, max-snippet:-1, max-image-preview:large, max-video-preview:-1\" \/>\n<link rel=\"canonical\" href=\"https:\/\/ok2jnj.ok2kld.cz\/ok2jnj\/cs\/2015\/05\/detsky-domek\/\" \/>\n<meta property=\"og:locale\" content=\"cs_CZ\" \/>\n<meta property=\"og:type\" content=\"article\" \/>\n<meta property=\"og:title\" content=\"D\u011btsk\u00fd domek na zahradu - Franti\u0161ek Posp\u00ed\u0161il\" \/>\n<meta property=\"og:description\" content=\"Stavbu rodinn\u00e9ho domku m\u00e1me za sebou no a d\u011bti ve v\u011bku 3 a 5 let by cht\u011bly m\u00edt na zahrad\u011b sv\u016fj d\u011btsk\u00fd domek\" \/>\n<meta property=\"og:url\" content=\"https:\/\/ok2jnj.ok2kld.cz\/ok2jnj\/cs\/2015\/05\/detsky-domek\/\" \/>\n<meta property=\"og:site_name\" content=\"Franti\u0161ek Posp\u00ed\u0161il\" \/>\n<meta property=\"article:published_time\" content=\"2015-05-20T16:03:10+00:00\" \/>\n<meta property=\"article:modified_time\" content=\"2016-08-16T04:45:50+00:00\" \/>\n<meta property=\"og:image\" content=\"https:\/\/ok2jnj.ok2kld.cz\/ok2jnj\/wp-content\/uploads\/2015\/05\/domek_0.jpg\" \/>\n\t<meta property=\"og:image:width\" content=\"1600\" \/>\n\t<meta property=\"og:image:height\" content=\"1200\" \/>\n\t<meta property=\"og:image:type\" content=\"image\/jpeg\" \/>\n<meta name=\"author\" content=\"ok2jnj\" \/>\n<meta name=\"twitter:label1\" content=\"Napsal(a)\" \/>\n\t<meta name=\"twitter:data1\" content=\"ok2jnj\" \/>\n\t<meta name=\"twitter:label2\" content=\"Odhadovan\u00e1 doba \u010dten\u00ed\" \/>\n\t<meta name=\"twitter:data2\" content=\"2 minuty\" \/>\n<script type=\"application\/ld+json\" class=\"yoast-schema-graph\">{\"@context\":\"https:\/\/schema.org\",\"@graph\":[{\"@type\":\"Article\",\"@id\":\"https:\/\/ok2jnj.ok2kld.cz\/ok2jnj\/cs\/2015\/05\/detsky-domek\/#article\",\"isPartOf\":{\"@id\":\"https:\/\/ok2jnj.ok2kld.cz\/ok2jnj\/cs\/2015\/05\/detsky-domek\/\"},\"author\":{\"name\":\"ok2jnj\",\"@id\":\"https:\/\/ok2jnj.ok2kld.cz\/ok2jnj\/#\/schema\/person\/611e6231cd7c1180c0871958f742373a\"},\"headline\":\"D\u011btsk\u00fd domek na zahradu\",\"datePublished\":\"2015-05-20T16:03:10+00:00\",\"dateModified\":\"2016-08-16T04:45:50+00:00\",\"mainEntityOfPage\":{\"@id\":\"https:\/\/ok2jnj.ok2kld.cz\/ok2jnj\/cs\/2015\/05\/detsky-domek\/\"},\"wordCount\":322,\"commentCount\":0,\"publisher\":{\"@id\":\"https:\/\/ok2jnj.ok2kld.cz\/ok2jnj\/#\/schema\/person\/611e6231cd7c1180c0871958f742373a\"},\"image\":{\"@id\":\"https:\/\/ok2jnj.ok2kld.cz\/ok2jnj\/cs\/2015\/05\/detsky-domek\/#primaryimage\"},\"thumbnailUrl\":\"https:\/\/ok2jnj.ok2kld.cz\/ok2jnj\/wp-content\/uploads\/2015\/05\/domek_0.jpg\",\"keywords\":[\"children house\",\"OSB deska\",\"paleta\"],\"articleSection\":[\"Rodinn\u00fd d\u016fm\"],\"inLanguage\":\"cs\",\"potentialAction\":[{\"@type\":\"CommentAction\",\"name\":\"Comment\",\"target\":[\"https:\/\/ok2jnj.ok2kld.cz\/ok2jnj\/cs\/2015\/05\/detsky-domek\/#respond\"]}]},{\"@type\":\"WebPage\",\"@id\":\"https:\/\/ok2jnj.ok2kld.cz\/ok2jnj\/cs\/2015\/05\/detsky-domek\/\",\"url\":\"https:\/\/ok2jnj.ok2kld.cz\/ok2jnj\/cs\/2015\/05\/detsky-domek\/\",\"name\":\"D\u011btsk\u00fd domek na zahradu - Franti\u0161ek Posp\u00ed\u0161il\",\"isPartOf\":{\"@id\":\"https:\/\/ok2jnj.ok2kld.cz\/ok2jnj\/#website\"},\"primaryImageOfPage\":{\"@id\":\"https:\/\/ok2jnj.ok2kld.cz\/ok2jnj\/cs\/2015\/05\/detsky-domek\/#primaryimage\"},\"image\":{\"@id\":\"https:\/\/ok2jnj.ok2kld.cz\/ok2jnj\/cs\/2015\/05\/detsky-domek\/#primaryimage\"},\"thumbnailUrl\":\"https:\/\/ok2jnj.ok2kld.cz\/ok2jnj\/wp-content\/uploads\/2015\/05\/domek_0.jpg\",\"datePublished\":\"2015-05-20T16:03:10+00:00\",\"dateModified\":\"2016-08-16T04:45:50+00:00\",\"description\":\"Stavbu rodinn\u00e9ho domku m\u00e1me za sebou no a d\u011bti ve v\u011bku 3 a 5 let by cht\u011bly m\u00edt na zahrad\u011b sv\u016fj d\u011btsk\u00fd domek\",\"breadcrumb\":{\"@id\":\"https:\/\/ok2jnj.ok2kld.cz\/ok2jnj\/cs\/2015\/05\/detsky-domek\/#breadcrumb\"},\"inLanguage\":\"cs\",\"potentialAction\":[{\"@type\":\"ReadAction\",\"target\":[\"https:\/\/ok2jnj.ok2kld.cz\/ok2jnj\/cs\/2015\/05\/detsky-domek\/\"]}]},{\"@type\":\"ImageObject\",\"inLanguage\":\"cs\",\"@id\":\"https:\/\/ok2jnj.ok2kld.cz\/ok2jnj\/cs\/2015\/05\/detsky-domek\/#primaryimage\",\"url\":\"https:\/\/ok2jnj.ok2kld.cz\/ok2jnj\/wp-content\/uploads\/2015\/05\/domek_0.jpg\",\"contentUrl\":\"https:\/\/ok2jnj.ok2kld.cz\/ok2jnj\/wp-content\/uploads\/2015\/05\/domek_0.jpg\",\"width\":1600,\"height\":1200},{\"@type\":\"BreadcrumbList\",\"@id\":\"https:\/\/ok2jnj.ok2kld.cz\/ok2jnj\/cs\/2015\/05\/detsky-domek\/#breadcrumb\",\"itemListElement\":[{\"@type\":\"ListItem\",\"position\":1,\"name\":\"Dom\u016f\",\"item\":\"https:\/\/ok2jnj.ok2kld.cz\/ok2jnj\/\"},{\"@type\":\"ListItem\",\"position\":2,\"name\":\"D\u011btsk\u00fd domek na zahradu\"}]},{\"@type\":\"WebSite\",\"@id\":\"https:\/\/ok2jnj.ok2kld.cz\/ok2jnj\/#website\",\"url\":\"https:\/\/ok2jnj.ok2kld.cz\/ok2jnj\/\",\"name\":\"Franti\u0161ek Posp\u00ed\u0161il\",\"description\":\"Na sv\u00fdch str\u00e1nk\u00e1ch popisuji cesty, kter\u00fdmi jsem do\u0161el k zam\u00fd\u0161len\u00fdm c\u00edl\u016fm. C\u00edle se ob\u010das b\u011bhem cesty zm\u011bnily.\",\"publisher\":{\"@id\":\"https:\/\/ok2jnj.ok2kld.cz\/ok2jnj\/#\/schema\/person\/611e6231cd7c1180c0871958f742373a\"},\"potentialAction\":[{\"@type\":\"SearchAction\",\"target\":{\"@type\":\"EntryPoint\",\"urlTemplate\":\"https:\/\/ok2jnj.ok2kld.cz\/ok2jnj\/?s={search_term_string}\"},\"query-input\":{\"@type\":\"PropertyValueSpecification\",\"valueRequired\":true,\"valueName\":\"search_term_string\"}}],\"inLanguage\":\"cs\"},{\"@type\":[\"Person\",\"Organization\"],\"@id\":\"https:\/\/ok2jnj.ok2kld.cz\/ok2jnj\/#\/schema\/person\/611e6231cd7c1180c0871958f742373a\",\"name\":\"ok2jnj\",\"logo\":{\"@id\":\"https:\/\/ok2jnj.ok2kld.cz\/ok2jnj\/#\/schema\/person\/image\/\"}}]}<\/script>\n<!-- \/ Yoast SEO plugin. -->","yoast_head_json":{"title":"D\u011btsk\u00fd domek na zahradu - Franti\u0161ek Posp\u00ed\u0161il","description":"Stavbu rodinn\u00e9ho domku m\u00e1me za sebou no a d\u011bti ve v\u011bku 3 a 5 let by cht\u011bly m\u00edt na zahrad\u011b sv\u016fj d\u011btsk\u00fd domek","robots":{"index":"index","follow":"follow","max-snippet":"max-snippet:-1","max-image-preview":"max-image-preview:large","max-video-preview":"max-video-preview:-1"},"canonical":"https:\/\/ok2jnj.ok2kld.cz\/ok2jnj\/cs\/2015\/05\/detsky-domek\/","og_locale":"cs_CZ","og_type":"article","og_title":"D\u011btsk\u00fd domek na zahradu - Franti\u0161ek Posp\u00ed\u0161il","og_description":"Stavbu rodinn\u00e9ho domku m\u00e1me za sebou no a d\u011bti ve v\u011bku 3 a 5 let by cht\u011bly m\u00edt na zahrad\u011b sv\u016fj d\u011btsk\u00fd domek","og_url":"https:\/\/ok2jnj.ok2kld.cz\/ok2jnj\/cs\/2015\/05\/detsky-domek\/","og_site_name":"Franti\u0161ek Posp\u00ed\u0161il","article_published_time":"2015-05-20T16:03:10+00:00","article_modified_time":"2016-08-16T04:45:50+00:00","og_image":[{"width":1600,"height":1200,"url":"https:\/\/ok2jnj.ok2kld.cz\/ok2jnj\/wp-content\/uploads\/2015\/05\/domek_0.jpg","type":"image\/jpeg"}],"author":"ok2jnj","twitter_misc":{"Napsal(a)":"ok2jnj","Odhadovan\u00e1 doba \u010dten\u00ed":"2 minuty"},"schema":{"@context":"https:\/\/schema.org","@graph":[{"@type":"Article","@id":"https:\/\/ok2jnj.ok2kld.cz\/ok2jnj\/cs\/2015\/05\/detsky-domek\/#article","isPartOf":{"@id":"https:\/\/ok2jnj.ok2kld.cz\/ok2jnj\/cs\/2015\/05\/detsky-domek\/"},"author":{"name":"ok2jnj","@id":"https:\/\/ok2jnj.ok2kld.cz\/ok2jnj\/#\/schema\/person\/611e6231cd7c1180c0871958f742373a"},"headline":"D\u011btsk\u00fd domek na zahradu","datePublished":"2015-05-20T16:03:10+00:00","dateModified":"2016-08-16T04:45:50+00:00","mainEntityOfPage":{"@id":"https:\/\/ok2jnj.ok2kld.cz\/ok2jnj\/cs\/2015\/05\/detsky-domek\/"},"wordCount":322,"commentCount":0,"publisher":{"@id":"https:\/\/ok2jnj.ok2kld.cz\/ok2jnj\/#\/schema\/person\/611e6231cd7c1180c0871958f742373a"},"image":{"@id":"https:\/\/ok2jnj.ok2kld.cz\/ok2jnj\/cs\/2015\/05\/detsky-domek\/#primaryimage"},"thumbnailUrl":"https:\/\/ok2jnj.ok2kld.cz\/ok2jnj\/wp-content\/uploads\/2015\/05\/domek_0.jpg","keywords":["children house","OSB deska","paleta"],"articleSection":["Rodinn\u00fd d\u016fm"],"inLanguage":"cs","potentialAction":[{"@type":"CommentAction","name":"Comment","target":["https:\/\/ok2jnj.ok2kld.cz\/ok2jnj\/cs\/2015\/05\/detsky-domek\/#respond"]}]},{"@type":"WebPage","@id":"https:\/\/ok2jnj.ok2kld.cz\/ok2jnj\/cs\/2015\/05\/detsky-domek\/","url":"https:\/\/ok2jnj.ok2kld.cz\/ok2jnj\/cs\/2015\/05\/detsky-domek\/","name":"D\u011btsk\u00fd domek na zahradu - Franti\u0161ek Posp\u00ed\u0161il","isPartOf":{"@id":"https:\/\/ok2jnj.ok2kld.cz\/ok2jnj\/#website"},"primaryImageOfPage":{"@id":"https:\/\/ok2jnj.ok2kld.cz\/ok2jnj\/cs\/2015\/05\/detsky-domek\/#primaryimage"},"image":{"@id":"https:\/\/ok2jnj.ok2kld.cz\/ok2jnj\/cs\/2015\/05\/detsky-domek\/#primaryimage"},"thumbnailUrl":"https:\/\/ok2jnj.ok2kld.cz\/ok2jnj\/wp-content\/uploads\/2015\/05\/domek_0.jpg","datePublished":"2015-05-20T16:03:10+00:00","dateModified":"2016-08-16T04:45:50+00:00","description":"Stavbu rodinn\u00e9ho domku m\u00e1me za sebou no a d\u011bti ve v\u011bku 3 a 5 let by cht\u011bly m\u00edt na zahrad\u011b sv\u016fj d\u011btsk\u00fd domek","breadcrumb":{"@id":"https:\/\/ok2jnj.ok2kld.cz\/ok2jnj\/cs\/2015\/05\/detsky-domek\/#breadcrumb"},"inLanguage":"cs","potentialAction":[{"@type":"ReadAction","target":["https:\/\/ok2jnj.ok2kld.cz\/ok2jnj\/cs\/2015\/05\/detsky-domek\/"]}]},{"@type":"ImageObject","inLanguage":"cs","@id":"https:\/\/ok2jnj.ok2kld.cz\/ok2jnj\/cs\/2015\/05\/detsky-domek\/#primaryimage","url":"https:\/\/ok2jnj.ok2kld.cz\/ok2jnj\/wp-content\/uploads\/2015\/05\/domek_0.jpg","contentUrl":"https:\/\/ok2jnj.ok2kld.cz\/ok2jnj\/wp-content\/uploads\/2015\/05\/domek_0.jpg","width":1600,"height":1200},{"@type":"BreadcrumbList","@id":"https:\/\/ok2jnj.ok2kld.cz\/ok2jnj\/cs\/2015\/05\/detsky-domek\/#breadcrumb","itemListElement":[{"@type":"ListItem","position":1,"name":"Dom\u016f","item":"https:\/\/ok2jnj.ok2kld.cz\/ok2jnj\/"},{"@type":"ListItem","position":2,"name":"D\u011btsk\u00fd domek na zahradu"}]},{"@type":"WebSite","@id":"https:\/\/ok2jnj.ok2kld.cz\/ok2jnj\/#website","url":"https:\/\/ok2jnj.ok2kld.cz\/ok2jnj\/","name":"Franti\u0161ek Posp\u00ed\u0161il","description":"Na sv\u00fdch str\u00e1nk\u00e1ch popisuji cesty, kter\u00fdmi jsem do\u0161el k zam\u00fd\u0161len\u00fdm c\u00edl\u016fm. C\u00edle se ob\u010das b\u011bhem cesty zm\u011bnily.","publisher":{"@id":"https:\/\/ok2jnj.ok2kld.cz\/ok2jnj\/#\/schema\/person\/611e6231cd7c1180c0871958f742373a"},"potentialAction":[{"@type":"SearchAction","target":{"@type":"EntryPoint","urlTemplate":"https:\/\/ok2jnj.ok2kld.cz\/ok2jnj\/?s={search_term_string}"},"query-input":{"@type":"PropertyValueSpecification","valueRequired":true,"valueName":"search_term_string"}}],"inLanguage":"cs"},{"@type":["Person","Organization"],"@id":"https:\/\/ok2jnj.ok2kld.cz\/ok2jnj\/#\/schema\/person\/611e6231cd7c1180c0871958f742373a","name":"ok2jnj","logo":{"@id":"https:\/\/ok2jnj.ok2kld.cz\/ok2jnj\/#\/schema\/person\/image\/"}}]}},"_links":{"self":[{"href":"https:\/\/ok2jnj.ok2kld.cz\/ok2jnj\/wp-json\/wp\/v2\/posts\/621","targetHints":{"allow":["GET"]}}],"collection":[{"href":"https:\/\/ok2jnj.ok2kld.cz\/ok2jnj\/wp-json\/wp\/v2\/posts"}],"about":[{"href":"https:\/\/ok2jnj.ok2kld.cz\/ok2jnj\/wp-json\/wp\/v2\/types\/post"}],"author":[{"embeddable":true,"href":"https:\/\/ok2jnj.ok2kld.cz\/ok2jnj\/wp-json\/wp\/v2\/users\/1"}],"replies":[{"embeddable":true,"href":"https:\/\/ok2jnj.ok2kld.cz\/ok2jnj\/wp-json\/wp\/v2\/comments?post=621"}],"version-history":[{"count":7,"href":"https:\/\/ok2jnj.ok2kld.cz\/ok2jnj\/wp-json\/wp\/v2\/posts\/621\/revisions"}],"predecessor-version":[{"id":973,"href":"https:\/\/ok2jnj.ok2kld.cz\/ok2jnj\/wp-json\/wp\/v2\/posts\/621\/revisions\/973"}],"wp:featuredmedia":[{"embeddable":true,"href":"https:\/\/ok2jnj.ok2kld.cz\/ok2jnj\/wp-json\/wp\/v2\/media\/628"}],"wp:attachment":[{"href":"https:\/\/ok2jnj.ok2kld.cz\/ok2jnj\/wp-json\/wp\/v2\/media?parent=621"}],"wp:term":[{"taxonomy":"category","embeddable":true,"href":"https:\/\/ok2jnj.ok2kld.cz\/ok2jnj\/wp-json\/wp\/v2\/categories?post=621"},{"taxonomy":"post_tag","embeddable":true,"href":"https:\/\/ok2jnj.ok2kld.cz\/ok2jnj\/wp-json\/wp\/v2\/tags?post=621"}],"curies":[{"name":"wp","href":"https:\/\/api.w.org\/{rel}","templated":true}]}}