{"id":62,"date":"2014-11-16T14:10:47","date_gmt":"2014-11-16T13:10:47","guid":{"rendered":"http:\/\/ok2jnj.ok2kld.cz\/ok2jnj\/?p=62"},"modified":"2015-01-17T16:28:32","modified_gmt":"2015-01-17T15:28:32","slug":"podkrovi","status":"publish","type":"post","link":"https:\/\/ok2jnj.ok2kld.cz\/ok2jnj\/cs\/2014\/11\/podkrovi\/","title":{"rendered":"Podkrov\u00ed"},"content":{"rendered":"<h5 style=\"text-align: justify;\">Z\u00e1\u0159\u00ed 2010 &#8211; podkrov\u00ed:<\/h5>\n<p style=\"text-align: justify;\">Prvn\u00edm \u00fakolem po polo\u017een\u00ed panel\u016f bylo, sestavit zap\u016fj\u010den\u00fd v\u00fdtah. Um\u00edstili jsme jej do prostoru budouc\u00edho schodi\u0161t\u011b tak, \u017ee vr\u00e1tek le\u017e\u00ed na tr\u00e1mech nad vchodem do sklepa. Trubky, kter\u00e9 vedou klec v\u00fdtahu jsou p\u0159iva\u0159eny k L profilu, kter\u00fd nese panely stropu nad chodbou domu.<\/p>\n<figure style=\"width: 366px\" class=\"wp-caption alignnone\"><a href=\"https:\/\/ok2jnj.ok2kld.cz\/ok2jnj\/wp-content\/uploads\/2014\/11\/dum-podkrovi1.jpg\"><img loading=\"lazy\" decoding=\"async\" src=\"https:\/\/ok2jnj.ok2kld.cz\/ok2jnj\/wp-content\/uploads\/2014\/11\/dum-podkrovi1-366x274.jpg\" alt=\"dum-podkrovi1\" width=\"366\" height=\"274\" \/><\/a><figcaption class=\"wp-caption-text\">v\u00fdtah do podkrov\u00ed<\/figcaption><\/figure>\n<figure style=\"width: 366px\" class=\"wp-caption alignnone\"><a href=\"https:\/\/ok2jnj.ok2kld.cz\/ok2jnj\/wp-content\/uploads\/2014\/11\/dum-podkrovi2.jpg\"><img loading=\"lazy\" decoding=\"async\" title=\"vr\u00e1tek\" src=\"https:\/\/ok2jnj.ok2kld.cz\/ok2jnj\/wp-content\/uploads\/2014\/11\/dum-podkrovi2-366x274.jpg\" alt=\"dum-podkrovi2\" width=\"366\" height=\"274\" \/><\/a><figcaption class=\"wp-caption-text\">Vr\u00e1tek v\u00fdtahu<\/figcaption><\/figure>\n<p style=\"text-align: justify;\">P\u016fda nad gar\u00e1\u017e\u00ed je vyzd\u011bna do v\u00fd\u0161ky 500mm, obytn\u00e1 \u010d\u00e1st domu m\u00e1 zdi vysok\u00e9 1000mm. Celkov\u00fd v\u011bnec pro st\u0159e\u0161n\u00ed konstrukci jsem nebetonoval. Na zdech, kde budou le\u017eet pozednice jsou vybetonovan\u00e9 podezd\u00edvky, kter\u00e9 jsou ve \u0161t\u00edtov\u00fdch zdech spojeny dr\u00e1tem ulo\u017een\u00fdm v dr\u00e1\u017ece vysekan\u00e9 v Ytongu, nebo jsou dr\u00e1ty ulo\u017eeny ve zdi \u0161ikmo a spojeny s v\u00fdztu\u017eemi stropu.<\/p>\n<p style=\"text-align: justify;\">\u00a0<a href=\"https:\/\/ok2jnj.ok2kld.cz\/ok2jnj\/wp-content\/uploads\/2014\/11\/dum-podkrovi3.jpg\"><img loading=\"lazy\" decoding=\"async\" src=\"https:\/\/ok2jnj.ok2kld.cz\/ok2jnj\/wp-content\/uploads\/2014\/11\/dum-podkrovi3-366x274.jpg\" alt=\"dum-podkrovi3\" width=\"366\" height=\"274\" \/><\/a><\/p>\n<p style=\"text-align: justify;\"><a href=\"https:\/\/ok2jnj.ok2kld.cz\/ok2jnj\/wp-content\/uploads\/2014\/11\/dum-podkrovi41.jpg\"><img loading=\"lazy\" decoding=\"async\" src=\"https:\/\/ok2jnj.ok2kld.cz\/ok2jnj\/wp-content\/uploads\/2014\/11\/dum-podkrovi41-366x274.jpg\" alt=\"dum-podkrovi4\" width=\"366\" height=\"274\" \/><\/a><\/p>\n<p style=\"text-align: justify;\">Je\u0161t\u011b zb\u00fdv\u00e1 vyzd\u00edt st\u0159edn\u00ed ze\u010f, \u0161t\u00edty a zednick\u00e9 n\u00e1\u0159ad\u00ed m\u016f\u017eu pro leto\u0161n\u00ed rok uschovat. Posledn\u00ed n\u00e1ro\u010dn\u011bj\u0161\u00ed zednick\u00e1 pr\u00e1ce je ukon\u010den\u00ed \u0161t\u00edt\u016f, cihle mus\u00ed b\u00fdt u\u0159ez\u00e1ny podle krokv\u00ed. Pro tuto pr\u00e1ci jsem si p\u016fj\u010dil elektrickou pilu na Ytong. Na ka\u017edou cihlu jsem nar\u00fdsoval spr\u00e1vn\u00fd \u00fahel a vyzdil \u0161t\u00edty domu i gar\u00e1\u017ee. Drobn\u00e9 nerovnosti jsem nakonec opravil hobl\u00edkem, p\u0159esn\u011b podle krokv\u00ed, proto\u017ee na zdi bude le\u017eet kontrala\u0165 a podep\u00edrat okraj st\u0159echy.<\/p>\n<p style=\"text-align: justify;\"><a href=\"https:\/\/ok2jnj.ok2kld.cz\/ok2jnj\/wp-content\/uploads\/2014\/11\/dum-podkrovi5.jpg\"><img loading=\"lazy\" decoding=\"async\" src=\"https:\/\/ok2jnj.ok2kld.cz\/ok2jnj\/wp-content\/uploads\/2014\/11\/dum-podkrovi5-366x274.jpg\" alt=\"dum-podkrovi5\" width=\"366\" height=\"274\" \/><\/a><\/p>\n<p style=\"text-align: justify;\">Ocelov\u00e9 v\u00fdztu\u017ee do betonovan\u00e9 podezd\u00edvky jsem se sna\u017eil ukl\u00e1dat tak, aby uprost\u0159ed zdi bylo m\u00edsto pro vyvrt\u00e1n\u00ed d\u011br a zalepen\u00ed z\u00e1vitov\u00fdch ty\u010d\u00ed na kter\u00e9 budou p\u0159i\u0161roubeny pozednice. Z\u00e1vitov\u00e9 ty\u010de jsou lepeny<span style=\"color: #0000ff;\"><a style=\"color: #0000ff;\" title=\"chemick\u00e1 kotva\" href=\"http:\/\/vruty-fischer.cz\/stavebni-chemie\/chemicke-kotvy\/\" target=\"_blank\"> chemickou kotvou.<\/a><\/span> Je nutno vyvrtat otvory a vyfoukat z nich prach. Na\u0159ezat z\u00e1vitov\u00e9 ty\u010de, aby bylo mo\u017eno rychle lepit. Kotva v trysce vytvrzuje velmi rychle. Rozte\u010d ty\u010d\u00ed je p\u0159ibli\u017en\u011b metr, spo\u010d\u00edt\u00e1no tak, aby mezi dvojicemi krokv\u00ed byla v\u017edy jedna z\u00e1vitov\u00e1 ty\u010d. P\u0159i rozmis\u0165ov\u00e1n\u00ed krokv\u00ed se nesm\u00ed zapomenout na budouc\u00ed um\u00edst\u011bn\u00ed kom\u00edna, jeho okraje mus\u00ed b\u00fdt dostate\u010dn\u011b vzd\u00e1leny od d\u0159ev\u011bn\u00e9 konstrukce.<\/p>\n<figure style=\"width: 366px\" class=\"wp-caption alignnone\"><a href=\"https:\/\/ok2jnj.ok2kld.cz\/ok2jnj\/wp-content\/uploads\/2014\/11\/dum-podkrovi7.jpg\"><img loading=\"lazy\" decoding=\"async\" src=\"https:\/\/ok2jnj.ok2kld.cz\/ok2jnj\/wp-content\/uploads\/2014\/11\/dum-podkrovi7-366x274.jpg\" alt=\"podkrov\u00ed\" width=\"366\" height=\"274\" \/><\/a><figcaption class=\"wp-caption-text\">vrt\u00e1n\u00ed pro lepen\u00ed z\u00e1vitov\u00fdch ty\u010d\u00ed na chemick\u00e9 kotvy<\/figcaption><\/figure>\n<figure style=\"width: 366px\" class=\"wp-caption alignnone\"><a href=\"https:\/\/ok2jnj.ok2kld.cz\/ok2jnj\/wp-content\/uploads\/2014\/11\/dum-podkrovi8-e1416688734933.jpg\"><img loading=\"lazy\" decoding=\"async\" src=\"https:\/\/ok2jnj.ok2kld.cz\/ok2jnj\/wp-content\/uploads\/2014\/11\/dum-podkrovi8-366x274.jpg\" alt=\"podkrov\u00ed\" width=\"366\" height=\"274\" \/><\/a><figcaption class=\"wp-caption-text\">nalepen\u00e9 z\u00e1vitov\u00e9 ty\u010de<\/figcaption><\/figure>\n<p style=\"text-align: justify;\">Nakonec jsem dokon\u010dil \u0161t\u00edtov\u00e9 zdi a p\u0159e\u010dn\u00edvaj\u00edc\u00ed \u010d\u00e1sti tv\u00e1rnic se\u0159ezal podle krovu. To se d\u00e1 ud\u011blat nap\u0159. tak, \u017ee ze\u010f stisknu sv\u011brkami mezi dv\u011b lat\u011b, jejich\u017e okraj ur\u010d\u00ed dr\u00e1hu \u0159ezu. Pila na ytong do d\u0159eva nezajede, tak\u017ee je mo\u017en\u00e9 vytvo\u0159it p\u011bknou hranu, kolmou na ze\u010f.<\/p>\n<figure style=\"width: 366px\" class=\"wp-caption alignnone\"><a href=\"https:\/\/ok2jnj.ok2kld.cz\/ok2jnj\/wp-content\/uploads\/2014\/11\/dum-podkrovi6.jpg\"><img loading=\"lazy\" decoding=\"async\" src=\"https:\/\/ok2jnj.ok2kld.cz\/ok2jnj\/wp-content\/uploads\/2014\/11\/dum-podkrovi6-366x274.jpg\" alt=\"Podkrov\u00ed\" width=\"366\" height=\"274\" \/><\/a><figcaption class=\"wp-caption-text\">ze\u010f se\u0159ezan\u00e1 podle krovu<\/figcaption><\/figure>\n","protected":false},"excerpt":{"rendered":"<p>Z\u00e1\u0159\u00ed 2010 &#8211; podkrov\u00ed: Prvn\u00edm \u00fakolem po polo\u017een\u00ed panel\u016f bylo, sestavit zap\u016fj\u010den\u00fd v\u00fdtah. Um\u00edstili jsme jej do prostoru budouc\u00edho schodi\u0161t\u011b<\/p>\n","protected":false},"author":1,"featured_media":64,"comment_status":"open","ping_status":"open","sticky":false,"template":"","format":"standard","meta":{"footnotes":""},"categories":[2],"tags":[66,5,64],"class_list":["post-62","post","type-post","status-publish","format-standard","has-post-thumbnail","hentry","category-rodinny-dum","tag-podkrovi","tag-stavebni-denik","tag-zdivo"],"yoast_head":"<!-- This site is optimized with the Yoast SEO plugin v26.8 - https:\/\/yoast.com\/product\/yoast-seo-wordpress\/ -->\n<title>Podkrov\u00ed z tv\u00e1rnic Ytong - stavba domu krok za krokem<\/title>\n<meta name=\"description\" content=\"Sestaven\u00ed stavebn\u00edho v\u00fdtahu do prostoru schodi\u0161t\u011b, zd\u011bn\u00ed podkrov\u00ed \u010d\u00e1sti rodinn\u00e9ho domu, betonov\u00e1n\u00ed pozednic a p\u0159\u00edprava na mont\u00e1\u017e krovu\" \/>\n<meta name=\"robots\" content=\"index, follow, max-snippet:-1, max-image-preview:large, max-video-preview:-1\" \/>\n<link rel=\"canonical\" href=\"https:\/\/ok2jnj.ok2kld.cz\/ok2jnj\/cs\/2014\/11\/podkrovi\/\" \/>\n<meta property=\"og:locale\" content=\"cs_CZ\" \/>\n<meta property=\"og:type\" content=\"article\" \/>\n<meta property=\"og:title\" content=\"Podkrov\u00ed z tv\u00e1rnic Ytong - stavba domu krok za krokem\" \/>\n<meta property=\"og:description\" content=\"Sestaven\u00ed stavebn\u00edho v\u00fdtahu do prostoru schodi\u0161t\u011b, zd\u011bn\u00ed podkrov\u00ed \u010d\u00e1sti rodinn\u00e9ho domu, betonov\u00e1n\u00ed pozednic a p\u0159\u00edprava na mont\u00e1\u017e krovu\" \/>\n<meta property=\"og:url\" content=\"https:\/\/ok2jnj.ok2kld.cz\/ok2jnj\/cs\/2014\/11\/podkrovi\/\" \/>\n<meta property=\"og:site_name\" content=\"Franti\u0161ek Posp\u00ed\u0161il\" \/>\n<meta property=\"article:published_time\" content=\"2014-11-16T13:10:47+00:00\" \/>\n<meta property=\"article:modified_time\" content=\"2015-01-17T15:28:32+00:00\" \/>\n<meta property=\"og:image\" content=\"https:\/\/ok2jnj.ok2kld.cz\/ok2jnj\/wp-content\/uploads\/2014\/11\/dum-podkrovi0-e1416689242760.jpg\" \/>\n\t<meta property=\"og:image:width\" content=\"640\" \/>\n\t<meta property=\"og:image:height\" content=\"480\" \/>\n\t<meta property=\"og:image:type\" content=\"image\/jpeg\" \/>\n<meta name=\"author\" content=\"ok2jnj\" \/>\n<meta name=\"twitter:label1\" content=\"Napsal(a)\" \/>\n\t<meta name=\"twitter:data1\" content=\"ok2jnj\" \/>\n\t<meta name=\"twitter:label2\" content=\"Odhadovan\u00e1 doba \u010dten\u00ed\" \/>\n\t<meta name=\"twitter:data2\" content=\"2 minuty\" \/>\n<script type=\"application\/ld+json\" class=\"yoast-schema-graph\">{\"@context\":\"https:\/\/schema.org\",\"@graph\":[{\"@type\":\"Article\",\"@id\":\"https:\/\/ok2jnj.ok2kld.cz\/ok2jnj\/cs\/2014\/11\/podkrovi\/#article\",\"isPartOf\":{\"@id\":\"https:\/\/ok2jnj.ok2kld.cz\/ok2jnj\/cs\/2014\/11\/podkrovi\/\"},\"author\":{\"name\":\"ok2jnj\",\"@id\":\"https:\/\/ok2jnj.ok2kld.cz\/ok2jnj\/#\/schema\/person\/611e6231cd7c1180c0871958f742373a\"},\"headline\":\"Podkrov\u00ed\",\"datePublished\":\"2014-11-16T13:10:47+00:00\",\"dateModified\":\"2015-01-17T15:28:32+00:00\",\"mainEntityOfPage\":{\"@id\":\"https:\/\/ok2jnj.ok2kld.cz\/ok2jnj\/cs\/2014\/11\/podkrovi\/\"},\"wordCount\":481,\"commentCount\":0,\"publisher\":{\"@id\":\"https:\/\/ok2jnj.ok2kld.cz\/ok2jnj\/#\/schema\/person\/611e6231cd7c1180c0871958f742373a\"},\"image\":{\"@id\":\"https:\/\/ok2jnj.ok2kld.cz\/ok2jnj\/cs\/2014\/11\/podkrovi\/#primaryimage\"},\"thumbnailUrl\":\"https:\/\/ok2jnj.ok2kld.cz\/ok2jnj\/wp-content\/uploads\/2014\/11\/dum-podkrovi0-e1416689242760.jpg\",\"keywords\":[\"podkrov\u00ed\",\"stavebn\u00ed den\u00edk\",\"zdivo\"],\"articleSection\":[\"Rodinn\u00fd d\u016fm\"],\"inLanguage\":\"cs\",\"potentialAction\":[{\"@type\":\"CommentAction\",\"name\":\"Comment\",\"target\":[\"https:\/\/ok2jnj.ok2kld.cz\/ok2jnj\/cs\/2014\/11\/podkrovi\/#respond\"]}]},{\"@type\":\"WebPage\",\"@id\":\"https:\/\/ok2jnj.ok2kld.cz\/ok2jnj\/cs\/2014\/11\/podkrovi\/\",\"url\":\"https:\/\/ok2jnj.ok2kld.cz\/ok2jnj\/cs\/2014\/11\/podkrovi\/\",\"name\":\"Podkrov\u00ed z tv\u00e1rnic Ytong - stavba domu krok za krokem\",\"isPartOf\":{\"@id\":\"https:\/\/ok2jnj.ok2kld.cz\/ok2jnj\/#website\"},\"primaryImageOfPage\":{\"@id\":\"https:\/\/ok2jnj.ok2kld.cz\/ok2jnj\/cs\/2014\/11\/podkrovi\/#primaryimage\"},\"image\":{\"@id\":\"https:\/\/ok2jnj.ok2kld.cz\/ok2jnj\/cs\/2014\/11\/podkrovi\/#primaryimage\"},\"thumbnailUrl\":\"https:\/\/ok2jnj.ok2kld.cz\/ok2jnj\/wp-content\/uploads\/2014\/11\/dum-podkrovi0-e1416689242760.jpg\",\"datePublished\":\"2014-11-16T13:10:47+00:00\",\"dateModified\":\"2015-01-17T15:28:32+00:00\",\"description\":\"Sestaven\u00ed stavebn\u00edho v\u00fdtahu do prostoru schodi\u0161t\u011b, zd\u011bn\u00ed podkrov\u00ed \u010d\u00e1sti rodinn\u00e9ho domu, betonov\u00e1n\u00ed pozednic a p\u0159\u00edprava na mont\u00e1\u017e krovu\",\"breadcrumb\":{\"@id\":\"https:\/\/ok2jnj.ok2kld.cz\/ok2jnj\/cs\/2014\/11\/podkrovi\/#breadcrumb\"},\"inLanguage\":\"cs\",\"potentialAction\":[{\"@type\":\"ReadAction\",\"target\":[\"https:\/\/ok2jnj.ok2kld.cz\/ok2jnj\/cs\/2014\/11\/podkrovi\/\"]}]},{\"@type\":\"ImageObject\",\"inLanguage\":\"cs\",\"@id\":\"https:\/\/ok2jnj.ok2kld.cz\/ok2jnj\/cs\/2014\/11\/podkrovi\/#primaryimage\",\"url\":\"https:\/\/ok2jnj.ok2kld.cz\/ok2jnj\/wp-content\/uploads\/2014\/11\/dum-podkrovi0-e1416689242760.jpg\",\"contentUrl\":\"https:\/\/ok2jnj.ok2kld.cz\/ok2jnj\/wp-content\/uploads\/2014\/11\/dum-podkrovi0-e1416689242760.jpg\",\"width\":640,\"height\":480},{\"@type\":\"BreadcrumbList\",\"@id\":\"https:\/\/ok2jnj.ok2kld.cz\/ok2jnj\/cs\/2014\/11\/podkrovi\/#breadcrumb\",\"itemListElement\":[{\"@type\":\"ListItem\",\"position\":1,\"name\":\"Dom\u016f\",\"item\":\"https:\/\/ok2jnj.ok2kld.cz\/ok2jnj\/\"},{\"@type\":\"ListItem\",\"position\":2,\"name\":\"Podkrov\u00ed\"}]},{\"@type\":\"WebSite\",\"@id\":\"https:\/\/ok2jnj.ok2kld.cz\/ok2jnj\/#website\",\"url\":\"https:\/\/ok2jnj.ok2kld.cz\/ok2jnj\/\",\"name\":\"Franti\u0161ek Posp\u00ed\u0161il\",\"description\":\"Na sv\u00fdch str\u00e1nk\u00e1ch popisuji cesty, kter\u00fdmi jsem do\u0161el k zam\u00fd\u0161len\u00fdm c\u00edl\u016fm. C\u00edle se ob\u010das b\u011bhem cesty zm\u011bnily.\",\"publisher\":{\"@id\":\"https:\/\/ok2jnj.ok2kld.cz\/ok2jnj\/#\/schema\/person\/611e6231cd7c1180c0871958f742373a\"},\"potentialAction\":[{\"@type\":\"SearchAction\",\"target\":{\"@type\":\"EntryPoint\",\"urlTemplate\":\"https:\/\/ok2jnj.ok2kld.cz\/ok2jnj\/?s={search_term_string}\"},\"query-input\":{\"@type\":\"PropertyValueSpecification\",\"valueRequired\":true,\"valueName\":\"search_term_string\"}}],\"inLanguage\":\"cs\"},{\"@type\":[\"Person\",\"Organization\"],\"@id\":\"https:\/\/ok2jnj.ok2kld.cz\/ok2jnj\/#\/schema\/person\/611e6231cd7c1180c0871958f742373a\",\"name\":\"ok2jnj\",\"logo\":{\"@id\":\"https:\/\/ok2jnj.ok2kld.cz\/ok2jnj\/#\/schema\/person\/image\/\"}}]}<\/script>\n<!-- \/ Yoast SEO plugin. -->","yoast_head_json":{"title":"Podkrov\u00ed z tv\u00e1rnic Ytong - stavba domu krok za krokem","description":"Sestaven\u00ed stavebn\u00edho v\u00fdtahu do prostoru schodi\u0161t\u011b, zd\u011bn\u00ed podkrov\u00ed \u010d\u00e1sti rodinn\u00e9ho domu, betonov\u00e1n\u00ed pozednic a p\u0159\u00edprava na mont\u00e1\u017e krovu","robots":{"index":"index","follow":"follow","max-snippet":"max-snippet:-1","max-image-preview":"max-image-preview:large","max-video-preview":"max-video-preview:-1"},"canonical":"https:\/\/ok2jnj.ok2kld.cz\/ok2jnj\/cs\/2014\/11\/podkrovi\/","og_locale":"cs_CZ","og_type":"article","og_title":"Podkrov\u00ed z tv\u00e1rnic Ytong - stavba domu krok za krokem","og_description":"Sestaven\u00ed stavebn\u00edho v\u00fdtahu do prostoru schodi\u0161t\u011b, zd\u011bn\u00ed podkrov\u00ed \u010d\u00e1sti rodinn\u00e9ho domu, betonov\u00e1n\u00ed pozednic a p\u0159\u00edprava na mont\u00e1\u017e krovu","og_url":"https:\/\/ok2jnj.ok2kld.cz\/ok2jnj\/cs\/2014\/11\/podkrovi\/","og_site_name":"Franti\u0161ek Posp\u00ed\u0161il","article_published_time":"2014-11-16T13:10:47+00:00","article_modified_time":"2015-01-17T15:28:32+00:00","og_image":[{"width":640,"height":480,"url":"https:\/\/ok2jnj.ok2kld.cz\/ok2jnj\/wp-content\/uploads\/2014\/11\/dum-podkrovi0-e1416689242760.jpg","type":"image\/jpeg"}],"author":"ok2jnj","twitter_misc":{"Napsal(a)":"ok2jnj","Odhadovan\u00e1 doba \u010dten\u00ed":"2 minuty"},"schema":{"@context":"https:\/\/schema.org","@graph":[{"@type":"Article","@id":"https:\/\/ok2jnj.ok2kld.cz\/ok2jnj\/cs\/2014\/11\/podkrovi\/#article","isPartOf":{"@id":"https:\/\/ok2jnj.ok2kld.cz\/ok2jnj\/cs\/2014\/11\/podkrovi\/"},"author":{"name":"ok2jnj","@id":"https:\/\/ok2jnj.ok2kld.cz\/ok2jnj\/#\/schema\/person\/611e6231cd7c1180c0871958f742373a"},"headline":"Podkrov\u00ed","datePublished":"2014-11-16T13:10:47+00:00","dateModified":"2015-01-17T15:28:32+00:00","mainEntityOfPage":{"@id":"https:\/\/ok2jnj.ok2kld.cz\/ok2jnj\/cs\/2014\/11\/podkrovi\/"},"wordCount":481,"commentCount":0,"publisher":{"@id":"https:\/\/ok2jnj.ok2kld.cz\/ok2jnj\/#\/schema\/person\/611e6231cd7c1180c0871958f742373a"},"image":{"@id":"https:\/\/ok2jnj.ok2kld.cz\/ok2jnj\/cs\/2014\/11\/podkrovi\/#primaryimage"},"thumbnailUrl":"https:\/\/ok2jnj.ok2kld.cz\/ok2jnj\/wp-content\/uploads\/2014\/11\/dum-podkrovi0-e1416689242760.jpg","keywords":["podkrov\u00ed","stavebn\u00ed den\u00edk","zdivo"],"articleSection":["Rodinn\u00fd d\u016fm"],"inLanguage":"cs","potentialAction":[{"@type":"CommentAction","name":"Comment","target":["https:\/\/ok2jnj.ok2kld.cz\/ok2jnj\/cs\/2014\/11\/podkrovi\/#respond"]}]},{"@type":"WebPage","@id":"https:\/\/ok2jnj.ok2kld.cz\/ok2jnj\/cs\/2014\/11\/podkrovi\/","url":"https:\/\/ok2jnj.ok2kld.cz\/ok2jnj\/cs\/2014\/11\/podkrovi\/","name":"Podkrov\u00ed z tv\u00e1rnic Ytong - stavba domu krok za krokem","isPartOf":{"@id":"https:\/\/ok2jnj.ok2kld.cz\/ok2jnj\/#website"},"primaryImageOfPage":{"@id":"https:\/\/ok2jnj.ok2kld.cz\/ok2jnj\/cs\/2014\/11\/podkrovi\/#primaryimage"},"image":{"@id":"https:\/\/ok2jnj.ok2kld.cz\/ok2jnj\/cs\/2014\/11\/podkrovi\/#primaryimage"},"thumbnailUrl":"https:\/\/ok2jnj.ok2kld.cz\/ok2jnj\/wp-content\/uploads\/2014\/11\/dum-podkrovi0-e1416689242760.jpg","datePublished":"2014-11-16T13:10:47+00:00","dateModified":"2015-01-17T15:28:32+00:00","description":"Sestaven\u00ed stavebn\u00edho v\u00fdtahu do prostoru schodi\u0161t\u011b, zd\u011bn\u00ed podkrov\u00ed \u010d\u00e1sti rodinn\u00e9ho domu, betonov\u00e1n\u00ed pozednic a p\u0159\u00edprava na mont\u00e1\u017e krovu","breadcrumb":{"@id":"https:\/\/ok2jnj.ok2kld.cz\/ok2jnj\/cs\/2014\/11\/podkrovi\/#breadcrumb"},"inLanguage":"cs","potentialAction":[{"@type":"ReadAction","target":["https:\/\/ok2jnj.ok2kld.cz\/ok2jnj\/cs\/2014\/11\/podkrovi\/"]}]},{"@type":"ImageObject","inLanguage":"cs","@id":"https:\/\/ok2jnj.ok2kld.cz\/ok2jnj\/cs\/2014\/11\/podkrovi\/#primaryimage","url":"https:\/\/ok2jnj.ok2kld.cz\/ok2jnj\/wp-content\/uploads\/2014\/11\/dum-podkrovi0-e1416689242760.jpg","contentUrl":"https:\/\/ok2jnj.ok2kld.cz\/ok2jnj\/wp-content\/uploads\/2014\/11\/dum-podkrovi0-e1416689242760.jpg","width":640,"height":480},{"@type":"BreadcrumbList","@id":"https:\/\/ok2jnj.ok2kld.cz\/ok2jnj\/cs\/2014\/11\/podkrovi\/#breadcrumb","itemListElement":[{"@type":"ListItem","position":1,"name":"Dom\u016f","item":"https:\/\/ok2jnj.ok2kld.cz\/ok2jnj\/"},{"@type":"ListItem","position":2,"name":"Podkrov\u00ed"}]},{"@type":"WebSite","@id":"https:\/\/ok2jnj.ok2kld.cz\/ok2jnj\/#website","url":"https:\/\/ok2jnj.ok2kld.cz\/ok2jnj\/","name":"Franti\u0161ek Posp\u00ed\u0161il","description":"Na sv\u00fdch str\u00e1nk\u00e1ch popisuji cesty, kter\u00fdmi jsem do\u0161el k zam\u00fd\u0161len\u00fdm c\u00edl\u016fm. C\u00edle se ob\u010das b\u011bhem cesty zm\u011bnily.","publisher":{"@id":"https:\/\/ok2jnj.ok2kld.cz\/ok2jnj\/#\/schema\/person\/611e6231cd7c1180c0871958f742373a"},"potentialAction":[{"@type":"SearchAction","target":{"@type":"EntryPoint","urlTemplate":"https:\/\/ok2jnj.ok2kld.cz\/ok2jnj\/?s={search_term_string}"},"query-input":{"@type":"PropertyValueSpecification","valueRequired":true,"valueName":"search_term_string"}}],"inLanguage":"cs"},{"@type":["Person","Organization"],"@id":"https:\/\/ok2jnj.ok2kld.cz\/ok2jnj\/#\/schema\/person\/611e6231cd7c1180c0871958f742373a","name":"ok2jnj","logo":{"@id":"https:\/\/ok2jnj.ok2kld.cz\/ok2jnj\/#\/schema\/person\/image\/"}}]}},"_links":{"self":[{"href":"https:\/\/ok2jnj.ok2kld.cz\/ok2jnj\/wp-json\/wp\/v2\/posts\/62","targetHints":{"allow":["GET"]}}],"collection":[{"href":"https:\/\/ok2jnj.ok2kld.cz\/ok2jnj\/wp-json\/wp\/v2\/posts"}],"about":[{"href":"https:\/\/ok2jnj.ok2kld.cz\/ok2jnj\/wp-json\/wp\/v2\/types\/post"}],"author":[{"embeddable":true,"href":"https:\/\/ok2jnj.ok2kld.cz\/ok2jnj\/wp-json\/wp\/v2\/users\/1"}],"replies":[{"embeddable":true,"href":"https:\/\/ok2jnj.ok2kld.cz\/ok2jnj\/wp-json\/wp\/v2\/comments?post=62"}],"version-history":[{"count":12,"href":"https:\/\/ok2jnj.ok2kld.cz\/ok2jnj\/wp-json\/wp\/v2\/posts\/62\/revisions"}],"predecessor-version":[{"id":432,"href":"https:\/\/ok2jnj.ok2kld.cz\/ok2jnj\/wp-json\/wp\/v2\/posts\/62\/revisions\/432"}],"wp:featuredmedia":[{"embeddable":true,"href":"https:\/\/ok2jnj.ok2kld.cz\/ok2jnj\/wp-json\/wp\/v2\/media\/64"}],"wp:attachment":[{"href":"https:\/\/ok2jnj.ok2kld.cz\/ok2jnj\/wp-json\/wp\/v2\/media?parent=62"}],"wp:term":[{"taxonomy":"category","embeddable":true,"href":"https:\/\/ok2jnj.ok2kld.cz\/ok2jnj\/wp-json\/wp\/v2\/categories?post=62"},{"taxonomy":"post_tag","embeddable":true,"href":"https:\/\/ok2jnj.ok2kld.cz\/ok2jnj\/wp-json\/wp\/v2\/tags?post=62"}],"curies":[{"name":"wp","href":"https:\/\/api.w.org\/{rel}","templated":true}]}}