{"id":351,"date":"2014-12-20T21:21:06","date_gmt":"2014-12-20T20:21:06","guid":{"rendered":"http:\/\/ok2jnj.ok2kld.cz\/ok2jnj\/?p=351"},"modified":"2017-01-12T17:54:00","modified_gmt":"2017-01-12T16:54:00","slug":"osvetleni-pracovniho-stolu","status":"publish","type":"post","link":"https:\/\/ok2jnj.ok2kld.cz\/ok2jnj\/cs\/2014\/12\/osvetleni-pracovniho-stolu\/","title":{"rendered":"Osv\u011btlen\u00ed pracovn\u00edho stolu"},"content":{"rendered":"<p style=\"text-align: justify;\"><em>Pracovn\u00ed st\u016fl m\u00e1m osv\u011btlen \u010dtve\u0159ic\u00ed halogenov\u00fdch \u017e\u00e1rovek, ka\u017ed\u00e1 z nich m\u00e1 p\u0159\u00edkon 50W. Ke sp\u00edn\u00e1n\u00ed a regulaci jejich jasu pou\u017e\u00edv\u00e1m za\u0159\u00edzen\u00ed, popisovan\u00e9 v tomto \u010dl\u00e1nku.<\/em><\/p>\n<p style=\"text-align: justify;\"><a href=\"https:\/\/ok2jnj.ok2kld.cz\/ok2jnj\/wp-content\/uploads\/2014\/12\/regulator_osvetleni.png\"><img loading=\"lazy\" decoding=\"async\" class=\"aligncenter size-large wp-image-355\" src=\"https:\/\/ok2jnj.ok2kld.cz\/ok2jnj\/wp-content\/uploads\/2014\/12\/regulator_osvetleni-1264x1536.png\" alt=\"regulator_osvetleni\" width=\"750\" height=\"911\" srcset=\"https:\/\/ok2jnj.ok2kld.cz\/ok2jnj\/wp-content\/uploads\/2014\/12\/regulator_osvetleni-1264x1536.png 1264w, https:\/\/ok2jnj.ok2kld.cz\/ok2jnj\/wp-content\/uploads\/2014\/12\/regulator_osvetleni-225x274.png 225w, https:\/\/ok2jnj.ok2kld.cz\/ok2jnj\/wp-content\/uploads\/2014\/12\/regulator_osvetleni-450x547.png 450w, https:\/\/ok2jnj.ok2kld.cz\/ok2jnj\/wp-content\/uploads\/2014\/12\/regulator_osvetleni.png 1278w\" sizes=\"auto, (max-width: 750px) 100vw, 750px\" \/><\/a><\/p>\n<h2 style=\"text-align: justify;\">Zap\u00edn\u00e1n\u00ed<\/h2>\n<p style=\"text-align: justify;\">Obvod je k s\u00ed\u0165ov\u00e9mu nap\u00e1jen\u00ed p\u0159ipojen prost\u0159ednictv\u00edm tla\u010d\u00edtka a rel\u00e9. Tla\u010d\u00edtko je p\u0159ipojeno na svorky X7-1 a X7-2. S\u00ed\u0165ov\u00e9 nap\u011bt\u00ed na X1-1 a X1-2. P\u0159i stisku tla\u010d\u00edtka je p\u0159ipojen s\u00ed\u0165ov\u00fd transform\u00e1tor. Nap\u011bt\u00ed na sekund\u00e1rn\u00edm vinut\u00ed je usm\u011brn\u011bno a p\u0159es tranzistor T6 p\u0159ivedeno na rel\u00e9. Tranzistor je otev\u0159en procesorem, jeho\u017e pin PD0 je ihned po resetu v \u00farovni H. Rel\u00e9 p\u0159ipoj\u00ed s\u00ed\u0165ov\u00e9 nap\u011bt\u00ed a tla\u010d\u00edtko m\u016f\u017ee b\u00fdt uvoln\u011bno, po celou dobu \u010dinnosti obvodu je rel\u00e9 sepnuto. Tento zp\u016fsob p\u0159ipojen\u00ed s\u00ed\u0165ov\u00e9ho nap\u011bt\u00ed jsem pou\u017eil, abych mohl obvod vypnout d\u00e1lkov\u00fdm ovl\u00e1d\u00e1n\u00edm a nebyl pot\u0159eba n\u011bjak\u00fd stand-by m\u00f3d. Z\u00e1rove\u0148 m\u00e1m mo\u017enost obvod vypnout tla\u010d\u00edtkem, proto\u017ee p\u0159i jeho dal\u0161\u00edm stisku se rozsv\u00edt\u00ed opto\u010dlen OK1. Procesor m\u016f\u017ee postupn\u011b ztlumit jas \u017e\u00e1rovek a \u00farovn\u00ed L na PD0 odpojit rel\u00e9.<\/p>\n<h2 style=\"text-align: justify;\">Procesor ATmega128<\/h2>\n<p style=\"text-align: justify;\">Mikroprocesor m\u00e1 pro tuto aplikaci zbyte\u010dn\u011b velk\u00fd v\u00fdkon. Ale pou\u017eil jsem jej, proto\u017ee m\u00e1 dostatek PWM kan\u00e1l\u016f a byl v \u0161upl\u00edku. PWM kan\u00e1ly ovl\u00e1daj\u00ed triaky, dal\u0161\u00ed piny sp\u00ednaj\u00ed jednotliv\u00e9 barvy RGB ledky, kter\u00e1 informuje o aktu\u00e1ln\u00edm stavu za\u0159\u00edzen\u00ed. Opto\u010dlen OK2 dod\u00e1v\u00e1 informaci o pr\u016fchodu s\u00ed\u0165ov\u00e9ho nap\u011bt\u00ed nulou, star\u00e1 se o synchronizaci \u010dasova\u010d\u016f PWM kan\u00e1l\u016f se s\u00ed\u0165ov\u00fdm nap\u011bt\u00edm.<\/p>\n<h2 style=\"text-align: justify;\">P\u0159ij\u00edma\u010d IR sign\u00e1lu<\/h2>\n<p style=\"text-align: justify;\">Slou\u017e\u00ed k ovl\u00e1d\u00e1n\u00ed regul\u00e1toru. Koupil jsem ovlada\u010d od televize, na osciloskopu odsledoval pr\u016fb\u011bh sign\u00e1l\u016f pro n\u011bkolik tla\u010d\u00edtek a podle toho napsal program. To je t\u00e9ma na jin\u00fd \u010dl\u00e1nek. Prost\u0159ednictv\u00edm tla\u010d\u00edtek ovlada\u010de je mo\u017eno regulovat jas jednotliv\u00fdch \u017e\u00e1rovek. Aktu\u00e1ln\u00ed nastaven\u00ed jasu je mo\u017eno ulo\u017eit do pam\u011bti EEPROM procesoru a p\u0159i\u0159adit k tla\u010d\u00edtk\u016fm, kter\u00e9 byly p\u016fvodn\u011b ur\u010deny pro volbu televizn\u00edch kan\u00e1l\u016f. Po resetu procesoru je vybr\u00e1n jas ur\u010den\u00fd tla\u010d\u00edtku 1 a potom je k dispozici dal\u0161\u00edch 8 pam\u011b\u0165ov\u00fdch m\u00edst.<\/p>\n<h2 style=\"text-align: justify;\">T\u0159\u00edbarevn\u00e1 LED<\/h2>\n<p style=\"text-align: justify;\">Modr\u00e1 blik\u00e1 p\u0159i stisku IR ovlada\u010de, \u010derven\u00e1 informuje o max, nebo min. jasu ovl\u00e1dan\u00e9 \u017e\u00e1rovky. Zelen\u00e1 LED sv\u00edt\u00ed p\u0159i p\u0159eprogramov\u00e1v\u00e1n\u00ed jas\u016f v EEPROM.<\/p>\n<p><span style=\"color: #ff0000;\"><strong>Upozorn\u011bn\u00ed:<\/strong><\/span><\/p>\n<p><span style=\"color: #ff0000;\"><strong>\u010c\u00e1st p\u0159\u00edstroje je galvanicky spojena se s\u00edt\u00ed, p\u0159i pr\u00e1ci je nutno dodr\u017eovat v\u0161echny z\u00e1sady spojen\u00e9 s konstrukc\u00ed tohoto typu.<\/strong><\/span><\/p>\n<p><span style=\"color: #000000;\">Autor nenese zodpov\u011bdnost za p\u0159\u00edpadn\u00e9 \u0161kody nebo zran\u011bn\u00ed zp\u016fsoben\u00e1 popisovan\u00fdm za\u0159\u00edzen\u00edm.<\/span><\/p>\n<p>Sch\u00e9ma a deska: <span style=\"color: #0000ff;\"><a style=\"color: #0000ff;\" href=\"https:\/\/ok2jnj.ok2kld.cz\/ok2jnj\/wp-content\/uploads\/2014\/12\/Osvetleni.zip\">Osvetleni<\/a><\/span><\/p>\n<p>Projekt do AVR studia: <span style=\"color: #0000ff;\"><a style=\"color: #0000ff;\" href=\"https:\/\/ok2jnj.ok2kld.cz\/ok2jnj\/wp-content\/uploads\/2014\/12\/PWM_regulator.zip\">PWM_regulator<\/a><\/span><\/p>\n<p style=\"text-align: justify;\">\n","protected":false},"excerpt":{"rendered":"<p>Pracovn\u00ed st\u016fl m\u00e1m osv\u011btlen \u010dtve\u0159ic\u00ed halogenov\u00fdch \u017e\u00e1rovek, ka\u017ed\u00e1 z nich m\u00e1 p\u0159\u00edkon 50W. Ke sp\u00edn\u00e1n\u00ed a regulaci jejich jasu pou\u017e\u00edv\u00e1m<\/p>\n","protected":false},"author":1,"featured_media":356,"comment_status":"open","ping_status":"open","sticky":false,"template":"","format":"standard","meta":{"footnotes":""},"categories":[3],"tags":[49,55,68],"class_list":["post-351","post","type-post","status-publish","format-standard","has-post-thumbnail","hentry","category-elektronika","tag-atmega","tag-pwm-regulace","tag-schema"],"yoast_head":"<!-- This site is optimized with the Yoast SEO plugin v26.8 - https:\/\/yoast.com\/product\/yoast-seo-wordpress\/ -->\n<title>Osv\u011btlen\u00ed pracovn\u00edho stolu<\/title>\n<meta name=\"description\" content=\"Osv\u011btlen\u00ed pracovn\u00edho stolu je realizov\u00e1no \u010dtve\u0159ic\u00ed halogenov\u00fdch \u017e\u00e1rovek. Ke sp\u00edn\u00e1n\u00ed a regulaci jejich jasu pou\u017e\u00edv\u00e1m za\u0159\u00edzen\u00ed, popisovan\u00e9 v tomto \u010dl\u00e1nku.\" \/>\n<meta name=\"robots\" content=\"index, follow, max-snippet:-1, max-image-preview:large, max-video-preview:-1\" \/>\n<link rel=\"canonical\" href=\"https:\/\/ok2jnj.ok2kld.cz\/ok2jnj\/cs\/2014\/12\/osvetleni-pracovniho-stolu\/\" \/>\n<meta property=\"og:locale\" content=\"cs_CZ\" \/>\n<meta property=\"og:type\" content=\"article\" \/>\n<meta property=\"og:title\" content=\"Osv\u011btlen\u00ed pracovn\u00edho stolu\" \/>\n<meta property=\"og:description\" content=\"Osv\u011btlen\u00ed pracovn\u00edho stolu je realizov\u00e1no \u010dtve\u0159ic\u00ed halogenov\u00fdch \u017e\u00e1rovek. Ke sp\u00edn\u00e1n\u00ed a regulaci jejich jasu pou\u017e\u00edv\u00e1m za\u0159\u00edzen\u00ed, popisovan\u00e9 v tomto \u010dl\u00e1nku.\" \/>\n<meta property=\"og:url\" content=\"https:\/\/ok2jnj.ok2kld.cz\/ok2jnj\/cs\/2014\/12\/osvetleni-pracovniho-stolu\/\" \/>\n<meta property=\"og:site_name\" content=\"Franti\u0161ek Posp\u00ed\u0161il\" \/>\n<meta property=\"article:published_time\" content=\"2014-12-20T20:21:06+00:00\" \/>\n<meta property=\"article:modified_time\" content=\"2017-01-12T16:54:00+00:00\" \/>\n<meta property=\"og:image\" content=\"https:\/\/ok2jnj.ok2kld.cz\/ok2jnj\/wp-content\/uploads\/2014\/12\/regulator.jpg\" \/>\n\t<meta property=\"og:image:width\" content=\"1600\" \/>\n\t<meta property=\"og:image:height\" content=\"1200\" \/>\n\t<meta property=\"og:image:type\" content=\"image\/jpeg\" \/>\n<meta name=\"author\" content=\"ok2jnj\" \/>\n<meta name=\"twitter:label1\" content=\"Napsal(a)\" \/>\n\t<meta name=\"twitter:data1\" content=\"ok2jnj\" \/>\n\t<meta name=\"twitter:label2\" content=\"Odhadovan\u00e1 doba \u010dten\u00ed\" \/>\n\t<meta name=\"twitter:data2\" content=\"3 minuty\" \/>\n<script type=\"application\/ld+json\" class=\"yoast-schema-graph\">{\"@context\":\"https:\/\/schema.org\",\"@graph\":[{\"@type\":\"Article\",\"@id\":\"https:\/\/ok2jnj.ok2kld.cz\/ok2jnj\/cs\/2014\/12\/osvetleni-pracovniho-stolu\/#article\",\"isPartOf\":{\"@id\":\"https:\/\/ok2jnj.ok2kld.cz\/ok2jnj\/cs\/2014\/12\/osvetleni-pracovniho-stolu\/\"},\"author\":{\"name\":\"ok2jnj\",\"@id\":\"https:\/\/ok2jnj.ok2kld.cz\/ok2jnj\/#\/schema\/person\/611e6231cd7c1180c0871958f742373a\"},\"headline\":\"Osv\u011btlen\u00ed pracovn\u00edho stolu\",\"datePublished\":\"2014-12-20T20:21:06+00:00\",\"dateModified\":\"2017-01-12T16:54:00+00:00\",\"mainEntityOfPage\":{\"@id\":\"https:\/\/ok2jnj.ok2kld.cz\/ok2jnj\/cs\/2014\/12\/osvetleni-pracovniho-stolu\/\"},\"wordCount\":516,\"commentCount\":1,\"publisher\":{\"@id\":\"https:\/\/ok2jnj.ok2kld.cz\/ok2jnj\/#\/schema\/person\/611e6231cd7c1180c0871958f742373a\"},\"image\":{\"@id\":\"https:\/\/ok2jnj.ok2kld.cz\/ok2jnj\/cs\/2014\/12\/osvetleni-pracovniho-stolu\/#primaryimage\"},\"thumbnailUrl\":\"https:\/\/ok2jnj.ok2kld.cz\/ok2jnj\/wp-content\/uploads\/2014\/12\/regulator.jpg\",\"keywords\":[\"ATmega\",\"PWM regulace\",\"sch\u00e9ma\"],\"articleSection\":[\"Elektronika\"],\"inLanguage\":\"cs\",\"potentialAction\":[{\"@type\":\"CommentAction\",\"name\":\"Comment\",\"target\":[\"https:\/\/ok2jnj.ok2kld.cz\/ok2jnj\/cs\/2014\/12\/osvetleni-pracovniho-stolu\/#respond\"]}]},{\"@type\":\"WebPage\",\"@id\":\"https:\/\/ok2jnj.ok2kld.cz\/ok2jnj\/cs\/2014\/12\/osvetleni-pracovniho-stolu\/\",\"url\":\"https:\/\/ok2jnj.ok2kld.cz\/ok2jnj\/cs\/2014\/12\/osvetleni-pracovniho-stolu\/\",\"name\":\"Osv\u011btlen\u00ed pracovn\u00edho stolu\",\"isPartOf\":{\"@id\":\"https:\/\/ok2jnj.ok2kld.cz\/ok2jnj\/#website\"},\"primaryImageOfPage\":{\"@id\":\"https:\/\/ok2jnj.ok2kld.cz\/ok2jnj\/cs\/2014\/12\/osvetleni-pracovniho-stolu\/#primaryimage\"},\"image\":{\"@id\":\"https:\/\/ok2jnj.ok2kld.cz\/ok2jnj\/cs\/2014\/12\/osvetleni-pracovniho-stolu\/#primaryimage\"},\"thumbnailUrl\":\"https:\/\/ok2jnj.ok2kld.cz\/ok2jnj\/wp-content\/uploads\/2014\/12\/regulator.jpg\",\"datePublished\":\"2014-12-20T20:21:06+00:00\",\"dateModified\":\"2017-01-12T16:54:00+00:00\",\"description\":\"Osv\u011btlen\u00ed pracovn\u00edho stolu je realizov\u00e1no \u010dtve\u0159ic\u00ed halogenov\u00fdch \u017e\u00e1rovek. Ke sp\u00edn\u00e1n\u00ed a regulaci jejich jasu pou\u017e\u00edv\u00e1m za\u0159\u00edzen\u00ed, popisovan\u00e9 v tomto \u010dl\u00e1nku.\",\"breadcrumb\":{\"@id\":\"https:\/\/ok2jnj.ok2kld.cz\/ok2jnj\/cs\/2014\/12\/osvetleni-pracovniho-stolu\/#breadcrumb\"},\"inLanguage\":\"cs\",\"potentialAction\":[{\"@type\":\"ReadAction\",\"target\":[\"https:\/\/ok2jnj.ok2kld.cz\/ok2jnj\/cs\/2014\/12\/osvetleni-pracovniho-stolu\/\"]}]},{\"@type\":\"ImageObject\",\"inLanguage\":\"cs\",\"@id\":\"https:\/\/ok2jnj.ok2kld.cz\/ok2jnj\/cs\/2014\/12\/osvetleni-pracovniho-stolu\/#primaryimage\",\"url\":\"https:\/\/ok2jnj.ok2kld.cz\/ok2jnj\/wp-content\/uploads\/2014\/12\/regulator.jpg\",\"contentUrl\":\"https:\/\/ok2jnj.ok2kld.cz\/ok2jnj\/wp-content\/uploads\/2014\/12\/regulator.jpg\",\"width\":1600,\"height\":1200},{\"@type\":\"BreadcrumbList\",\"@id\":\"https:\/\/ok2jnj.ok2kld.cz\/ok2jnj\/cs\/2014\/12\/osvetleni-pracovniho-stolu\/#breadcrumb\",\"itemListElement\":[{\"@type\":\"ListItem\",\"position\":1,\"name\":\"Dom\u016f\",\"item\":\"https:\/\/ok2jnj.ok2kld.cz\/ok2jnj\/\"},{\"@type\":\"ListItem\",\"position\":2,\"name\":\"Osv\u011btlen\u00ed pracovn\u00edho stolu\"}]},{\"@type\":\"WebSite\",\"@id\":\"https:\/\/ok2jnj.ok2kld.cz\/ok2jnj\/#website\",\"url\":\"https:\/\/ok2jnj.ok2kld.cz\/ok2jnj\/\",\"name\":\"Franti\u0161ek Posp\u00ed\u0161il\",\"description\":\"Na sv\u00fdch str\u00e1nk\u00e1ch popisuji cesty, kter\u00fdmi jsem do\u0161el k zam\u00fd\u0161len\u00fdm c\u00edl\u016fm. C\u00edle se ob\u010das b\u011bhem cesty zm\u011bnily.\",\"publisher\":{\"@id\":\"https:\/\/ok2jnj.ok2kld.cz\/ok2jnj\/#\/schema\/person\/611e6231cd7c1180c0871958f742373a\"},\"potentialAction\":[{\"@type\":\"SearchAction\",\"target\":{\"@type\":\"EntryPoint\",\"urlTemplate\":\"https:\/\/ok2jnj.ok2kld.cz\/ok2jnj\/?s={search_term_string}\"},\"query-input\":{\"@type\":\"PropertyValueSpecification\",\"valueRequired\":true,\"valueName\":\"search_term_string\"}}],\"inLanguage\":\"cs\"},{\"@type\":[\"Person\",\"Organization\"],\"@id\":\"https:\/\/ok2jnj.ok2kld.cz\/ok2jnj\/#\/schema\/person\/611e6231cd7c1180c0871958f742373a\",\"name\":\"ok2jnj\",\"logo\":{\"@id\":\"https:\/\/ok2jnj.ok2kld.cz\/ok2jnj\/#\/schema\/person\/image\/\"}}]}<\/script>\n<!-- \/ Yoast SEO plugin. -->","yoast_head_json":{"title":"Osv\u011btlen\u00ed pracovn\u00edho stolu","description":"Osv\u011btlen\u00ed pracovn\u00edho stolu je realizov\u00e1no \u010dtve\u0159ic\u00ed halogenov\u00fdch \u017e\u00e1rovek. Ke sp\u00edn\u00e1n\u00ed a regulaci jejich jasu pou\u017e\u00edv\u00e1m za\u0159\u00edzen\u00ed, popisovan\u00e9 v tomto \u010dl\u00e1nku.","robots":{"index":"index","follow":"follow","max-snippet":"max-snippet:-1","max-image-preview":"max-image-preview:large","max-video-preview":"max-video-preview:-1"},"canonical":"https:\/\/ok2jnj.ok2kld.cz\/ok2jnj\/cs\/2014\/12\/osvetleni-pracovniho-stolu\/","og_locale":"cs_CZ","og_type":"article","og_title":"Osv\u011btlen\u00ed pracovn\u00edho stolu","og_description":"Osv\u011btlen\u00ed pracovn\u00edho stolu je realizov\u00e1no \u010dtve\u0159ic\u00ed halogenov\u00fdch \u017e\u00e1rovek. Ke sp\u00edn\u00e1n\u00ed a regulaci jejich jasu pou\u017e\u00edv\u00e1m za\u0159\u00edzen\u00ed, popisovan\u00e9 v tomto \u010dl\u00e1nku.","og_url":"https:\/\/ok2jnj.ok2kld.cz\/ok2jnj\/cs\/2014\/12\/osvetleni-pracovniho-stolu\/","og_site_name":"Franti\u0161ek Posp\u00ed\u0161il","article_published_time":"2014-12-20T20:21:06+00:00","article_modified_time":"2017-01-12T16:54:00+00:00","og_image":[{"width":1600,"height":1200,"url":"https:\/\/ok2jnj.ok2kld.cz\/ok2jnj\/wp-content\/uploads\/2014\/12\/regulator.jpg","type":"image\/jpeg"}],"author":"ok2jnj","twitter_misc":{"Napsal(a)":"ok2jnj","Odhadovan\u00e1 doba \u010dten\u00ed":"3 minuty"},"schema":{"@context":"https:\/\/schema.org","@graph":[{"@type":"Article","@id":"https:\/\/ok2jnj.ok2kld.cz\/ok2jnj\/cs\/2014\/12\/osvetleni-pracovniho-stolu\/#article","isPartOf":{"@id":"https:\/\/ok2jnj.ok2kld.cz\/ok2jnj\/cs\/2014\/12\/osvetleni-pracovniho-stolu\/"},"author":{"name":"ok2jnj","@id":"https:\/\/ok2jnj.ok2kld.cz\/ok2jnj\/#\/schema\/person\/611e6231cd7c1180c0871958f742373a"},"headline":"Osv\u011btlen\u00ed pracovn\u00edho stolu","datePublished":"2014-12-20T20:21:06+00:00","dateModified":"2017-01-12T16:54:00+00:00","mainEntityOfPage":{"@id":"https:\/\/ok2jnj.ok2kld.cz\/ok2jnj\/cs\/2014\/12\/osvetleni-pracovniho-stolu\/"},"wordCount":516,"commentCount":1,"publisher":{"@id":"https:\/\/ok2jnj.ok2kld.cz\/ok2jnj\/#\/schema\/person\/611e6231cd7c1180c0871958f742373a"},"image":{"@id":"https:\/\/ok2jnj.ok2kld.cz\/ok2jnj\/cs\/2014\/12\/osvetleni-pracovniho-stolu\/#primaryimage"},"thumbnailUrl":"https:\/\/ok2jnj.ok2kld.cz\/ok2jnj\/wp-content\/uploads\/2014\/12\/regulator.jpg","keywords":["ATmega","PWM regulace","sch\u00e9ma"],"articleSection":["Elektronika"],"inLanguage":"cs","potentialAction":[{"@type":"CommentAction","name":"Comment","target":["https:\/\/ok2jnj.ok2kld.cz\/ok2jnj\/cs\/2014\/12\/osvetleni-pracovniho-stolu\/#respond"]}]},{"@type":"WebPage","@id":"https:\/\/ok2jnj.ok2kld.cz\/ok2jnj\/cs\/2014\/12\/osvetleni-pracovniho-stolu\/","url":"https:\/\/ok2jnj.ok2kld.cz\/ok2jnj\/cs\/2014\/12\/osvetleni-pracovniho-stolu\/","name":"Osv\u011btlen\u00ed pracovn\u00edho stolu","isPartOf":{"@id":"https:\/\/ok2jnj.ok2kld.cz\/ok2jnj\/#website"},"primaryImageOfPage":{"@id":"https:\/\/ok2jnj.ok2kld.cz\/ok2jnj\/cs\/2014\/12\/osvetleni-pracovniho-stolu\/#primaryimage"},"image":{"@id":"https:\/\/ok2jnj.ok2kld.cz\/ok2jnj\/cs\/2014\/12\/osvetleni-pracovniho-stolu\/#primaryimage"},"thumbnailUrl":"https:\/\/ok2jnj.ok2kld.cz\/ok2jnj\/wp-content\/uploads\/2014\/12\/regulator.jpg","datePublished":"2014-12-20T20:21:06+00:00","dateModified":"2017-01-12T16:54:00+00:00","description":"Osv\u011btlen\u00ed pracovn\u00edho stolu je realizov\u00e1no \u010dtve\u0159ic\u00ed halogenov\u00fdch \u017e\u00e1rovek. Ke sp\u00edn\u00e1n\u00ed a regulaci jejich jasu pou\u017e\u00edv\u00e1m za\u0159\u00edzen\u00ed, popisovan\u00e9 v tomto \u010dl\u00e1nku.","breadcrumb":{"@id":"https:\/\/ok2jnj.ok2kld.cz\/ok2jnj\/cs\/2014\/12\/osvetleni-pracovniho-stolu\/#breadcrumb"},"inLanguage":"cs","potentialAction":[{"@type":"ReadAction","target":["https:\/\/ok2jnj.ok2kld.cz\/ok2jnj\/cs\/2014\/12\/osvetleni-pracovniho-stolu\/"]}]},{"@type":"ImageObject","inLanguage":"cs","@id":"https:\/\/ok2jnj.ok2kld.cz\/ok2jnj\/cs\/2014\/12\/osvetleni-pracovniho-stolu\/#primaryimage","url":"https:\/\/ok2jnj.ok2kld.cz\/ok2jnj\/wp-content\/uploads\/2014\/12\/regulator.jpg","contentUrl":"https:\/\/ok2jnj.ok2kld.cz\/ok2jnj\/wp-content\/uploads\/2014\/12\/regulator.jpg","width":1600,"height":1200},{"@type":"BreadcrumbList","@id":"https:\/\/ok2jnj.ok2kld.cz\/ok2jnj\/cs\/2014\/12\/osvetleni-pracovniho-stolu\/#breadcrumb","itemListElement":[{"@type":"ListItem","position":1,"name":"Dom\u016f","item":"https:\/\/ok2jnj.ok2kld.cz\/ok2jnj\/"},{"@type":"ListItem","position":2,"name":"Osv\u011btlen\u00ed pracovn\u00edho stolu"}]},{"@type":"WebSite","@id":"https:\/\/ok2jnj.ok2kld.cz\/ok2jnj\/#website","url":"https:\/\/ok2jnj.ok2kld.cz\/ok2jnj\/","name":"Franti\u0161ek Posp\u00ed\u0161il","description":"Na sv\u00fdch str\u00e1nk\u00e1ch popisuji cesty, kter\u00fdmi jsem do\u0161el k zam\u00fd\u0161len\u00fdm c\u00edl\u016fm. C\u00edle se ob\u010das b\u011bhem cesty zm\u011bnily.","publisher":{"@id":"https:\/\/ok2jnj.ok2kld.cz\/ok2jnj\/#\/schema\/person\/611e6231cd7c1180c0871958f742373a"},"potentialAction":[{"@type":"SearchAction","target":{"@type":"EntryPoint","urlTemplate":"https:\/\/ok2jnj.ok2kld.cz\/ok2jnj\/?s={search_term_string}"},"query-input":{"@type":"PropertyValueSpecification","valueRequired":true,"valueName":"search_term_string"}}],"inLanguage":"cs"},{"@type":["Person","Organization"],"@id":"https:\/\/ok2jnj.ok2kld.cz\/ok2jnj\/#\/schema\/person\/611e6231cd7c1180c0871958f742373a","name":"ok2jnj","logo":{"@id":"https:\/\/ok2jnj.ok2kld.cz\/ok2jnj\/#\/schema\/person\/image\/"}}]}},"_links":{"self":[{"href":"https:\/\/ok2jnj.ok2kld.cz\/ok2jnj\/wp-json\/wp\/v2\/posts\/351","targetHints":{"allow":["GET"]}}],"collection":[{"href":"https:\/\/ok2jnj.ok2kld.cz\/ok2jnj\/wp-json\/wp\/v2\/posts"}],"about":[{"href":"https:\/\/ok2jnj.ok2kld.cz\/ok2jnj\/wp-json\/wp\/v2\/types\/post"}],"author":[{"embeddable":true,"href":"https:\/\/ok2jnj.ok2kld.cz\/ok2jnj\/wp-json\/wp\/v2\/users\/1"}],"replies":[{"embeddable":true,"href":"https:\/\/ok2jnj.ok2kld.cz\/ok2jnj\/wp-json\/wp\/v2\/comments?post=351"}],"version-history":[{"count":4,"href":"https:\/\/ok2jnj.ok2kld.cz\/ok2jnj\/wp-json\/wp\/v2\/posts\/351\/revisions"}],"predecessor-version":[{"id":940,"href":"https:\/\/ok2jnj.ok2kld.cz\/ok2jnj\/wp-json\/wp\/v2\/posts\/351\/revisions\/940"}],"wp:featuredmedia":[{"embeddable":true,"href":"https:\/\/ok2jnj.ok2kld.cz\/ok2jnj\/wp-json\/wp\/v2\/media\/356"}],"wp:attachment":[{"href":"https:\/\/ok2jnj.ok2kld.cz\/ok2jnj\/wp-json\/wp\/v2\/media?parent=351"}],"wp:term":[{"taxonomy":"category","embeddable":true,"href":"https:\/\/ok2jnj.ok2kld.cz\/ok2jnj\/wp-json\/wp\/v2\/categories?post=351"},{"taxonomy":"post_tag","embeddable":true,"href":"https:\/\/ok2jnj.ok2kld.cz\/ok2jnj\/wp-json\/wp\/v2\/tags?post=351"}],"curies":[{"name":"wp","href":"https:\/\/api.w.org\/{rel}","templated":true}]}}