{"id":1551,"date":"2023-08-01T17:54:13","date_gmt":"2023-08-01T16:54:13","guid":{"rendered":"https:\/\/ok2jnj.ok2kld.cz\/ok2jnj\/?p=1551"},"modified":"2023-08-01T18:01:39","modified_gmt":"2023-08-01T17:01:39","slug":"pekarna-eta-delicca-7149-vymena-remenu","status":"publish","type":"post","link":"https:\/\/ok2jnj.ok2kld.cz\/ok2jnj\/cs\/2023\/08\/pekarna-eta-delicca-7149-vymena-remenu\/","title":{"rendered":"Pek\u00e1rna ETA Delicca 7149 &#8211; v\u00fdm\u011bna \u0159emen\u016f"},"content":{"rendered":"\n<p>Hn\u011btac\u00ed h\u00e1ky v pek\u00e1rn\u011b se p\u0159estaly to\u010dit, bude pot\u0159eba pod\u00edvat se, co s t\u00edm. Elektronika funguje, motor se to\u010d\u00ed, chyba bude v n\u011bkter\u00e9m z mechanick\u00fdch d\u00edl\u016f. Tak\u017ee je pot\u0159eba p\u0159ij\u00edt na to, jak p\u0159\u00edstroj rozebrat.<\/p>\n\n\n\n<p>Prvn\u00ed probl\u00e9m je chyb\u011bj\u00edc\u00ed n\u00e1\u0159ad\u00ed, pro dva z \u0161esti vrut\u016f na dn\u011b pek\u00e1rny bude pot\u0159eba bit ve tvaru Tri-Wing. Rychle dostupn\u00e1 je sada z Hornbach:<\/p>\n\n\n\n<figure class=\"wp-block-image aligncenter size-full\"><a href=\"https:\/\/www.hornbach.cz\/p\/box-wolfcraft-na-bezpecnostni-bity-sada-31-kusu\/7283896\/?gclid=EAIaIQobChMI_rak_Ou7gAMVZ5KDBx1s_w1ZEAQYAiABEgLKTvD_BwE\"><img loading=\"lazy\" decoding=\"async\" width=\"480\" height=\"219\" src=\"https:\/\/ok2jnj.ok2kld.cz\/ok2jnj\/wp-content\/uploads\/2023\/08\/obrazek.png\" alt=\"\" class=\"wp-image-1552\" srcset=\"https:\/\/ok2jnj.ok2kld.cz\/ok2jnj\/wp-content\/uploads\/2023\/08\/obrazek.png 480w, https:\/\/ok2jnj.ok2kld.cz\/ok2jnj\/wp-content\/uploads\/2023\/08\/obrazek-366x167.png 366w, https:\/\/ok2jnj.ok2kld.cz\/ok2jnj\/wp-content\/uploads\/2023\/08\/obrazek-150x68.png 150w\" sizes=\"auto, (max-width: 480px) 100vw, 480px\" \/><\/a><\/figure>\n\n\n\n<p>Kryt pek\u00e1rny dr\u017e\u00ed po obvodu d\u00e1l, zkus\u00edm povolit osm \u0161roubk\u016f po obvodu pracovn\u00edho prostoru pek\u00e1rny. <\/p>\n\n\n\n<figure class=\"wp-block-image aligncenter size-full\"><img loading=\"lazy\" decoding=\"async\" width=\"776\" height=\"345\" src=\"https:\/\/ok2jnj.ok2kld.cz\/ok2jnj\/wp-content\/uploads\/2023\/08\/obrazek-1.png\" alt=\"\" class=\"wp-image-1553\" srcset=\"https:\/\/ok2jnj.ok2kld.cz\/ok2jnj\/wp-content\/uploads\/2023\/08\/obrazek-1.png 776w, https:\/\/ok2jnj.ok2kld.cz\/ok2jnj\/wp-content\/uploads\/2023\/08\/obrazek-1-366x163.png 366w, https:\/\/ok2jnj.ok2kld.cz\/ok2jnj\/wp-content\/uploads\/2023\/08\/obrazek-1-150x67.png 150w, https:\/\/ok2jnj.ok2kld.cz\/ok2jnj\/wp-content\/uploads\/2023\/08\/obrazek-1-768x341.png 768w\" sizes=\"auto, (max-width: 776px) 100vw, 776px\" \/><\/figure>\n\n\n\n<p>Nyn\u00ed lze kryt sejmout &#8211; ono by to \u0161lo sundat i bez t\u00e9to demont\u00e1\u017ee, ale nev\u011bd\u011bl jsem, jak je plech zasazen do plastov\u00e9ho krytu. <\/p>\n\n\n\n<p>Ovl\u00e1dac\u00ed elektronika s displejem a tla\u010d\u00edtky je na v\u00edce\u017eilov\u00e9m kabelu, kter\u00fd je pot\u0159eba odpojit. \u0158emeny, kter\u00e9 p\u0159en\u00e1\u0161\u00ed krout\u00edc\u00ed moment z motor\u016f na hn\u011btac\u00ed h\u00e1ky budou pod plechem, ten m\u00e1 n\u011bkolik \u0161roub\u016f po obvod\u011b. No a posledn\u00ed \u0161roub je schovan\u00fd mezi pl\u00e1\u0161t\u011bm pracovn\u00edho prosoru a deskou s elektronikou.<\/p>\n\n\n\n<figure class=\"wp-block-image size-full\"><img loading=\"lazy\" decoding=\"async\" width=\"706\" height=\"429\" src=\"https:\/\/ok2jnj.ok2kld.cz\/ok2jnj\/wp-content\/uploads\/2023\/08\/obrazek-2.png\" alt=\"\" class=\"wp-image-1554\" srcset=\"https:\/\/ok2jnj.ok2kld.cz\/ok2jnj\/wp-content\/uploads\/2023\/08\/obrazek-2.png 706w, https:\/\/ok2jnj.ok2kld.cz\/ok2jnj\/wp-content\/uploads\/2023\/08\/obrazek-2-366x222.png 366w, https:\/\/ok2jnj.ok2kld.cz\/ok2jnj\/wp-content\/uploads\/2023\/08\/obrazek-2-150x91.png 150w\" sizes=\"auto, (max-width: 706px) 100vw, 706px\" \/><\/figure>\n\n\n\n<p>Internetov\u00e9 obchody upozor\u0148uj\u00ed, \u017ee variant je v\u00edc a je pot\u0159eba zm\u011b\u0159it d\u00e9lku \u0159emen\u016f. To jsem neud\u011blal a tak mi jeden 537mm dlouh\u00fd \u0159emen zbyl. <\/p>\n\n\n\n<p>P\u016fvodn\u00ed \u0159emen na kter\u00e9m chyb\u00ed n\u011bkolik zub\u016f:<\/p>\n\n\n\n<figure class=\"wp-block-image size-full\"><img loading=\"lazy\" decoding=\"async\" width=\"690\" height=\"341\" src=\"https:\/\/ok2jnj.ok2kld.cz\/ok2jnj\/wp-content\/uploads\/2023\/08\/obrazek-4.png\" alt=\"\" class=\"wp-image-1556\" srcset=\"https:\/\/ok2jnj.ok2kld.cz\/ok2jnj\/wp-content\/uploads\/2023\/08\/obrazek-4.png 690w, https:\/\/ok2jnj.ok2kld.cz\/ok2jnj\/wp-content\/uploads\/2023\/08\/obrazek-4-366x181.png 366w, https:\/\/ok2jnj.ok2kld.cz\/ok2jnj\/wp-content\/uploads\/2023\/08\/obrazek-4-150x74.png 150w\" sizes=\"auto, (max-width: 690px) 100vw, 690px\" \/><\/figure>\n\n\n\n<p>Na druh\u00fd pokus u\u017e jsem koupil krat\u0161\u00ed \u0159emen 80S3M420 a del\u0161\u00ed<a href=\"https:\/\/www.ame.cz\/Elektronika\/Dily-pro-domaci-spotrebice\/Drobne-domaci-spotrebice\/ETA-domaci-pekarna-remen-80S3M519-1149-Sympatic-7149-Delicca-d88065578\"> 80S3M519<\/a>.<\/p>\n\n\n\n<p>No a to je cel\u00e9, te\u010f je\u0161t\u011b v\u0161echno slo\u017eit zp\u011bt, vyzkou\u0161et a m\u016f\u017eeme p\u00e9ct.<\/p>\n","protected":false},"excerpt":{"rendered":"<p>Hn\u011btac\u00ed h\u00e1ky v pek\u00e1rn\u011b se p\u0159estaly to\u010dit, bude pot\u0159eba pod\u00edvat se, co s t\u00edm. Elektronika funguje, motor se to\u010d\u00ed, chyba bude v n\u011bkter\u00e9m z mechanick\u00fdch d\u00edl\u016f. Tak\u017ee je pot\u0159eba p\u0159ij\u00edt na to, jak p\u0159\u00edstroj rozebrat.<\/p>\n","protected":false},"author":1,"featured_media":1555,"comment_status":"open","ping_status":"closed","sticky":false,"template":"","format":"standard","meta":{"footnotes":""},"categories":[40],"tags":[264],"class_list":["post-1551","post","type-post","status-publish","format-standard","has-post-thumbnail","hentry","category-domacnost","tag-delicca-7149"],"yoast_head":"<!-- This site is optimized with the Yoast SEO plugin v26.8 - https:\/\/yoast.com\/product\/yoast-seo-wordpress\/ -->\n<title>Pek\u00e1rna ETA Delicca 7149 - v\u00fdm\u011bna \u0159emen\u016f - Franti\u0161ek Posp\u00ed\u0161il % Franti\u0161ek Posp\u00ed\u0161il<\/title>\n<meta name=\"description\" content=\"Hn\u011btac\u00ed h\u00e1ky v pek\u00e1rn\u011b se p\u0159estaly to\u010dit, bude pot\u0159eba pod\u00edvat se, co s t\u00edm. Elektronika funguje, motor se to\u010d\u00ed, chyba bude v n\u011bkter\u00e9m z mechanick\u00fdch d\u00edl\u016f. Tak\u017ee je pot\u0159eba p\u0159ij\u00edt na to, jak p\u0159\u00edstroj rozebrat.\" \/>\n<meta name=\"robots\" content=\"index, follow, max-snippet:-1, max-image-preview:large, max-video-preview:-1\" \/>\n<link rel=\"canonical\" href=\"https:\/\/ok2jnj.ok2kld.cz\/ok2jnj\/cs\/2023\/08\/pekarna-eta-delicca-7149-vymena-remenu\/\" \/>\n<meta property=\"og:locale\" content=\"cs_CZ\" \/>\n<meta property=\"og:type\" content=\"article\" \/>\n<meta property=\"og:title\" content=\"Pek\u00e1rna ETA Delicca 7149 - v\u00fdm\u011bna \u0159emen\u016f - Franti\u0161ek Posp\u00ed\u0161il % Franti\u0161ek Posp\u00ed\u0161il\" \/>\n<meta property=\"og:description\" content=\"Hn\u011btac\u00ed h\u00e1ky v pek\u00e1rn\u011b se p\u0159estaly to\u010dit, bude pot\u0159eba pod\u00edvat se, co s t\u00edm. Elektronika funguje, motor se to\u010d\u00ed, chyba bude v n\u011bkter\u00e9m z mechanick\u00fdch d\u00edl\u016f. Tak\u017ee je pot\u0159eba p\u0159ij\u00edt na to, jak p\u0159\u00edstroj rozebrat.\" \/>\n<meta property=\"og:url\" content=\"https:\/\/ok2jnj.ok2kld.cz\/ok2jnj\/cs\/2023\/08\/pekarna-eta-delicca-7149-vymena-remenu\/\" \/>\n<meta property=\"og:site_name\" content=\"Franti\u0161ek Posp\u00ed\u0161il\" \/>\n<meta property=\"article:published_time\" content=\"2023-08-01T16:54:13+00:00\" \/>\n<meta property=\"article:modified_time\" content=\"2023-08-01T17:01:39+00:00\" \/>\n<meta property=\"og:image\" content=\"https:\/\/ok2jnj.ok2kld.cz\/ok2jnj\/wp-content\/uploads\/2023\/08\/obrazek-3.png\" \/>\n\t<meta property=\"og:image:width\" content=\"773\" \/>\n\t<meta property=\"og:image:height\" content=\"414\" \/>\n\t<meta property=\"og:image:type\" content=\"image\/png\" \/>\n<meta name=\"author\" content=\"ok2jnj\" \/>\n<meta name=\"twitter:label1\" content=\"Napsal(a)\" \/>\n\t<meta name=\"twitter:data1\" content=\"ok2jnj\" \/>\n\t<meta name=\"twitter:label2\" content=\"Odhadovan\u00e1 doba \u010dten\u00ed\" \/>\n\t<meta name=\"twitter:data2\" content=\"2 minuty\" \/>\n<script type=\"application\/ld+json\" class=\"yoast-schema-graph\">{\"@context\":\"https:\/\/schema.org\",\"@graph\":[{\"@type\":\"Article\",\"@id\":\"https:\/\/ok2jnj.ok2kld.cz\/ok2jnj\/cs\/2023\/08\/pekarna-eta-delicca-7149-vymena-remenu\/#article\",\"isPartOf\":{\"@id\":\"https:\/\/ok2jnj.ok2kld.cz\/ok2jnj\/cs\/2023\/08\/pekarna-eta-delicca-7149-vymena-remenu\/\"},\"author\":{\"name\":\"ok2jnj\",\"@id\":\"https:\/\/ok2jnj.ok2kld.cz\/ok2jnj\/#\/schema\/person\/611e6231cd7c1180c0871958f742373a\"},\"headline\":\"Pek\u00e1rna ETA Delicca 7149 &#8211; v\u00fdm\u011bna \u0159emen\u016f\",\"datePublished\":\"2023-08-01T16:54:13+00:00\",\"dateModified\":\"2023-08-01T17:01:39+00:00\",\"mainEntityOfPage\":{\"@id\":\"https:\/\/ok2jnj.ok2kld.cz\/ok2jnj\/cs\/2023\/08\/pekarna-eta-delicca-7149-vymena-remenu\/\"},\"wordCount\":277,\"commentCount\":0,\"publisher\":{\"@id\":\"https:\/\/ok2jnj.ok2kld.cz\/ok2jnj\/#\/schema\/person\/611e6231cd7c1180c0871958f742373a\"},\"image\":{\"@id\":\"https:\/\/ok2jnj.ok2kld.cz\/ok2jnj\/cs\/2023\/08\/pekarna-eta-delicca-7149-vymena-remenu\/#primaryimage\"},\"thumbnailUrl\":\"https:\/\/ok2jnj.ok2kld.cz\/ok2jnj\/wp-content\/uploads\/2023\/08\/obrazek-3.png\",\"keywords\":[\"delicca 7149\"],\"articleSection\":[\"Dom\u00e1cnost\"],\"inLanguage\":\"cs\",\"potentialAction\":[{\"@type\":\"CommentAction\",\"name\":\"Comment\",\"target\":[\"https:\/\/ok2jnj.ok2kld.cz\/ok2jnj\/cs\/2023\/08\/pekarna-eta-delicca-7149-vymena-remenu\/#respond\"]}]},{\"@type\":\"WebPage\",\"@id\":\"https:\/\/ok2jnj.ok2kld.cz\/ok2jnj\/cs\/2023\/08\/pekarna-eta-delicca-7149-vymena-remenu\/\",\"url\":\"https:\/\/ok2jnj.ok2kld.cz\/ok2jnj\/cs\/2023\/08\/pekarna-eta-delicca-7149-vymena-remenu\/\",\"name\":\"Pek\u00e1rna ETA Delicca 7149 - v\u00fdm\u011bna \u0159emen\u016f - Franti\u0161ek Posp\u00ed\u0161il % Franti\u0161ek Posp\u00ed\u0161il\",\"isPartOf\":{\"@id\":\"https:\/\/ok2jnj.ok2kld.cz\/ok2jnj\/#website\"},\"primaryImageOfPage\":{\"@id\":\"https:\/\/ok2jnj.ok2kld.cz\/ok2jnj\/cs\/2023\/08\/pekarna-eta-delicca-7149-vymena-remenu\/#primaryimage\"},\"image\":{\"@id\":\"https:\/\/ok2jnj.ok2kld.cz\/ok2jnj\/cs\/2023\/08\/pekarna-eta-delicca-7149-vymena-remenu\/#primaryimage\"},\"thumbnailUrl\":\"https:\/\/ok2jnj.ok2kld.cz\/ok2jnj\/wp-content\/uploads\/2023\/08\/obrazek-3.png\",\"datePublished\":\"2023-08-01T16:54:13+00:00\",\"dateModified\":\"2023-08-01T17:01:39+00:00\",\"description\":\"Hn\u011btac\u00ed h\u00e1ky v pek\u00e1rn\u011b se p\u0159estaly to\u010dit, bude pot\u0159eba pod\u00edvat se, co s t\u00edm. Elektronika funguje, motor se to\u010d\u00ed, chyba bude v n\u011bkter\u00e9m z mechanick\u00fdch d\u00edl\u016f. Tak\u017ee je pot\u0159eba p\u0159ij\u00edt na to, jak p\u0159\u00edstroj rozebrat.\",\"breadcrumb\":{\"@id\":\"https:\/\/ok2jnj.ok2kld.cz\/ok2jnj\/cs\/2023\/08\/pekarna-eta-delicca-7149-vymena-remenu\/#breadcrumb\"},\"inLanguage\":\"cs\",\"potentialAction\":[{\"@type\":\"ReadAction\",\"target\":[\"https:\/\/ok2jnj.ok2kld.cz\/ok2jnj\/cs\/2023\/08\/pekarna-eta-delicca-7149-vymena-remenu\/\"]}]},{\"@type\":\"ImageObject\",\"inLanguage\":\"cs\",\"@id\":\"https:\/\/ok2jnj.ok2kld.cz\/ok2jnj\/cs\/2023\/08\/pekarna-eta-delicca-7149-vymena-remenu\/#primaryimage\",\"url\":\"https:\/\/ok2jnj.ok2kld.cz\/ok2jnj\/wp-content\/uploads\/2023\/08\/obrazek-3.png\",\"contentUrl\":\"https:\/\/ok2jnj.ok2kld.cz\/ok2jnj\/wp-content\/uploads\/2023\/08\/obrazek-3.png\",\"width\":773,\"height\":414},{\"@type\":\"BreadcrumbList\",\"@id\":\"https:\/\/ok2jnj.ok2kld.cz\/ok2jnj\/cs\/2023\/08\/pekarna-eta-delicca-7149-vymena-remenu\/#breadcrumb\",\"itemListElement\":[{\"@type\":\"ListItem\",\"position\":1,\"name\":\"Dom\u016f\",\"item\":\"https:\/\/ok2jnj.ok2kld.cz\/ok2jnj\/\"},{\"@type\":\"ListItem\",\"position\":2,\"name\":\"Pek\u00e1rna ETA Delicca 7149 &#8211; v\u00fdm\u011bna \u0159emen\u016f\"}]},{\"@type\":\"WebSite\",\"@id\":\"https:\/\/ok2jnj.ok2kld.cz\/ok2jnj\/#website\",\"url\":\"https:\/\/ok2jnj.ok2kld.cz\/ok2jnj\/\",\"name\":\"Franti\u0161ek Posp\u00ed\u0161il\",\"description\":\"Na sv\u00fdch str\u00e1nk\u00e1ch popisuji cesty, kter\u00fdmi jsem do\u0161el k zam\u00fd\u0161len\u00fdm c\u00edl\u016fm. C\u00edle se ob\u010das b\u011bhem cesty zm\u011bnily.\",\"publisher\":{\"@id\":\"https:\/\/ok2jnj.ok2kld.cz\/ok2jnj\/#\/schema\/person\/611e6231cd7c1180c0871958f742373a\"},\"potentialAction\":[{\"@type\":\"SearchAction\",\"target\":{\"@type\":\"EntryPoint\",\"urlTemplate\":\"https:\/\/ok2jnj.ok2kld.cz\/ok2jnj\/?s={search_term_string}\"},\"query-input\":{\"@type\":\"PropertyValueSpecification\",\"valueRequired\":true,\"valueName\":\"search_term_string\"}}],\"inLanguage\":\"cs\"},{\"@type\":[\"Person\",\"Organization\"],\"@id\":\"https:\/\/ok2jnj.ok2kld.cz\/ok2jnj\/#\/schema\/person\/611e6231cd7c1180c0871958f742373a\",\"name\":\"ok2jnj\",\"logo\":{\"@id\":\"https:\/\/ok2jnj.ok2kld.cz\/ok2jnj\/#\/schema\/person\/image\/\"}}]}<\/script>\n<!-- \/ Yoast SEO plugin. -->","yoast_head_json":{"title":"Pek\u00e1rna ETA Delicca 7149 - v\u00fdm\u011bna \u0159emen\u016f - Franti\u0161ek Posp\u00ed\u0161il % Franti\u0161ek Posp\u00ed\u0161il","description":"Hn\u011btac\u00ed h\u00e1ky v pek\u00e1rn\u011b se p\u0159estaly to\u010dit, bude pot\u0159eba pod\u00edvat se, co s t\u00edm. Elektronika funguje, motor se to\u010d\u00ed, chyba bude v n\u011bkter\u00e9m z mechanick\u00fdch d\u00edl\u016f. Tak\u017ee je pot\u0159eba p\u0159ij\u00edt na to, jak p\u0159\u00edstroj rozebrat.","robots":{"index":"index","follow":"follow","max-snippet":"max-snippet:-1","max-image-preview":"max-image-preview:large","max-video-preview":"max-video-preview:-1"},"canonical":"https:\/\/ok2jnj.ok2kld.cz\/ok2jnj\/cs\/2023\/08\/pekarna-eta-delicca-7149-vymena-remenu\/","og_locale":"cs_CZ","og_type":"article","og_title":"Pek\u00e1rna ETA Delicca 7149 - v\u00fdm\u011bna \u0159emen\u016f - Franti\u0161ek Posp\u00ed\u0161il % Franti\u0161ek Posp\u00ed\u0161il","og_description":"Hn\u011btac\u00ed h\u00e1ky v pek\u00e1rn\u011b se p\u0159estaly to\u010dit, bude pot\u0159eba pod\u00edvat se, co s t\u00edm. Elektronika funguje, motor se to\u010d\u00ed, chyba bude v n\u011bkter\u00e9m z mechanick\u00fdch d\u00edl\u016f. Tak\u017ee je pot\u0159eba p\u0159ij\u00edt na to, jak p\u0159\u00edstroj rozebrat.","og_url":"https:\/\/ok2jnj.ok2kld.cz\/ok2jnj\/cs\/2023\/08\/pekarna-eta-delicca-7149-vymena-remenu\/","og_site_name":"Franti\u0161ek Posp\u00ed\u0161il","article_published_time":"2023-08-01T16:54:13+00:00","article_modified_time":"2023-08-01T17:01:39+00:00","og_image":[{"width":773,"height":414,"url":"https:\/\/ok2jnj.ok2kld.cz\/ok2jnj\/wp-content\/uploads\/2023\/08\/obrazek-3.png","type":"image\/png"}],"author":"ok2jnj","twitter_misc":{"Napsal(a)":"ok2jnj","Odhadovan\u00e1 doba \u010dten\u00ed":"2 minuty"},"schema":{"@context":"https:\/\/schema.org","@graph":[{"@type":"Article","@id":"https:\/\/ok2jnj.ok2kld.cz\/ok2jnj\/cs\/2023\/08\/pekarna-eta-delicca-7149-vymena-remenu\/#article","isPartOf":{"@id":"https:\/\/ok2jnj.ok2kld.cz\/ok2jnj\/cs\/2023\/08\/pekarna-eta-delicca-7149-vymena-remenu\/"},"author":{"name":"ok2jnj","@id":"https:\/\/ok2jnj.ok2kld.cz\/ok2jnj\/#\/schema\/person\/611e6231cd7c1180c0871958f742373a"},"headline":"Pek\u00e1rna ETA Delicca 7149 &#8211; v\u00fdm\u011bna \u0159emen\u016f","datePublished":"2023-08-01T16:54:13+00:00","dateModified":"2023-08-01T17:01:39+00:00","mainEntityOfPage":{"@id":"https:\/\/ok2jnj.ok2kld.cz\/ok2jnj\/cs\/2023\/08\/pekarna-eta-delicca-7149-vymena-remenu\/"},"wordCount":277,"commentCount":0,"publisher":{"@id":"https:\/\/ok2jnj.ok2kld.cz\/ok2jnj\/#\/schema\/person\/611e6231cd7c1180c0871958f742373a"},"image":{"@id":"https:\/\/ok2jnj.ok2kld.cz\/ok2jnj\/cs\/2023\/08\/pekarna-eta-delicca-7149-vymena-remenu\/#primaryimage"},"thumbnailUrl":"https:\/\/ok2jnj.ok2kld.cz\/ok2jnj\/wp-content\/uploads\/2023\/08\/obrazek-3.png","keywords":["delicca 7149"],"articleSection":["Dom\u00e1cnost"],"inLanguage":"cs","potentialAction":[{"@type":"CommentAction","name":"Comment","target":["https:\/\/ok2jnj.ok2kld.cz\/ok2jnj\/cs\/2023\/08\/pekarna-eta-delicca-7149-vymena-remenu\/#respond"]}]},{"@type":"WebPage","@id":"https:\/\/ok2jnj.ok2kld.cz\/ok2jnj\/cs\/2023\/08\/pekarna-eta-delicca-7149-vymena-remenu\/","url":"https:\/\/ok2jnj.ok2kld.cz\/ok2jnj\/cs\/2023\/08\/pekarna-eta-delicca-7149-vymena-remenu\/","name":"Pek\u00e1rna ETA Delicca 7149 - v\u00fdm\u011bna \u0159emen\u016f - Franti\u0161ek Posp\u00ed\u0161il % Franti\u0161ek Posp\u00ed\u0161il","isPartOf":{"@id":"https:\/\/ok2jnj.ok2kld.cz\/ok2jnj\/#website"},"primaryImageOfPage":{"@id":"https:\/\/ok2jnj.ok2kld.cz\/ok2jnj\/cs\/2023\/08\/pekarna-eta-delicca-7149-vymena-remenu\/#primaryimage"},"image":{"@id":"https:\/\/ok2jnj.ok2kld.cz\/ok2jnj\/cs\/2023\/08\/pekarna-eta-delicca-7149-vymena-remenu\/#primaryimage"},"thumbnailUrl":"https:\/\/ok2jnj.ok2kld.cz\/ok2jnj\/wp-content\/uploads\/2023\/08\/obrazek-3.png","datePublished":"2023-08-01T16:54:13+00:00","dateModified":"2023-08-01T17:01:39+00:00","description":"Hn\u011btac\u00ed h\u00e1ky v pek\u00e1rn\u011b se p\u0159estaly to\u010dit, bude pot\u0159eba pod\u00edvat se, co s t\u00edm. Elektronika funguje, motor se to\u010d\u00ed, chyba bude v n\u011bkter\u00e9m z mechanick\u00fdch d\u00edl\u016f. Tak\u017ee je pot\u0159eba p\u0159ij\u00edt na to, jak p\u0159\u00edstroj rozebrat.","breadcrumb":{"@id":"https:\/\/ok2jnj.ok2kld.cz\/ok2jnj\/cs\/2023\/08\/pekarna-eta-delicca-7149-vymena-remenu\/#breadcrumb"},"inLanguage":"cs","potentialAction":[{"@type":"ReadAction","target":["https:\/\/ok2jnj.ok2kld.cz\/ok2jnj\/cs\/2023\/08\/pekarna-eta-delicca-7149-vymena-remenu\/"]}]},{"@type":"ImageObject","inLanguage":"cs","@id":"https:\/\/ok2jnj.ok2kld.cz\/ok2jnj\/cs\/2023\/08\/pekarna-eta-delicca-7149-vymena-remenu\/#primaryimage","url":"https:\/\/ok2jnj.ok2kld.cz\/ok2jnj\/wp-content\/uploads\/2023\/08\/obrazek-3.png","contentUrl":"https:\/\/ok2jnj.ok2kld.cz\/ok2jnj\/wp-content\/uploads\/2023\/08\/obrazek-3.png","width":773,"height":414},{"@type":"BreadcrumbList","@id":"https:\/\/ok2jnj.ok2kld.cz\/ok2jnj\/cs\/2023\/08\/pekarna-eta-delicca-7149-vymena-remenu\/#breadcrumb","itemListElement":[{"@type":"ListItem","position":1,"name":"Dom\u016f","item":"https:\/\/ok2jnj.ok2kld.cz\/ok2jnj\/"},{"@type":"ListItem","position":2,"name":"Pek\u00e1rna ETA Delicca 7149 &#8211; v\u00fdm\u011bna \u0159emen\u016f"}]},{"@type":"WebSite","@id":"https:\/\/ok2jnj.ok2kld.cz\/ok2jnj\/#website","url":"https:\/\/ok2jnj.ok2kld.cz\/ok2jnj\/","name":"Franti\u0161ek Posp\u00ed\u0161il","description":"Na sv\u00fdch str\u00e1nk\u00e1ch popisuji cesty, kter\u00fdmi jsem do\u0161el k zam\u00fd\u0161len\u00fdm c\u00edl\u016fm. C\u00edle se ob\u010das b\u011bhem cesty zm\u011bnily.","publisher":{"@id":"https:\/\/ok2jnj.ok2kld.cz\/ok2jnj\/#\/schema\/person\/611e6231cd7c1180c0871958f742373a"},"potentialAction":[{"@type":"SearchAction","target":{"@type":"EntryPoint","urlTemplate":"https:\/\/ok2jnj.ok2kld.cz\/ok2jnj\/?s={search_term_string}"},"query-input":{"@type":"PropertyValueSpecification","valueRequired":true,"valueName":"search_term_string"}}],"inLanguage":"cs"},{"@type":["Person","Organization"],"@id":"https:\/\/ok2jnj.ok2kld.cz\/ok2jnj\/#\/schema\/person\/611e6231cd7c1180c0871958f742373a","name":"ok2jnj","logo":{"@id":"https:\/\/ok2jnj.ok2kld.cz\/ok2jnj\/#\/schema\/person\/image\/"}}]}},"_links":{"self":[{"href":"https:\/\/ok2jnj.ok2kld.cz\/ok2jnj\/wp-json\/wp\/v2\/posts\/1551","targetHints":{"allow":["GET"]}}],"collection":[{"href":"https:\/\/ok2jnj.ok2kld.cz\/ok2jnj\/wp-json\/wp\/v2\/posts"}],"about":[{"href":"https:\/\/ok2jnj.ok2kld.cz\/ok2jnj\/wp-json\/wp\/v2\/types\/post"}],"author":[{"embeddable":true,"href":"https:\/\/ok2jnj.ok2kld.cz\/ok2jnj\/wp-json\/wp\/v2\/users\/1"}],"replies":[{"embeddable":true,"href":"https:\/\/ok2jnj.ok2kld.cz\/ok2jnj\/wp-json\/wp\/v2\/comments?post=1551"}],"version-history":[{"count":5,"href":"https:\/\/ok2jnj.ok2kld.cz\/ok2jnj\/wp-json\/wp\/v2\/posts\/1551\/revisions"}],"predecessor-version":[{"id":1563,"href":"https:\/\/ok2jnj.ok2kld.cz\/ok2jnj\/wp-json\/wp\/v2\/posts\/1551\/revisions\/1563"}],"wp:featuredmedia":[{"embeddable":true,"href":"https:\/\/ok2jnj.ok2kld.cz\/ok2jnj\/wp-json\/wp\/v2\/media\/1555"}],"wp:attachment":[{"href":"https:\/\/ok2jnj.ok2kld.cz\/ok2jnj\/wp-json\/wp\/v2\/media?parent=1551"}],"wp:term":[{"taxonomy":"category","embeddable":true,"href":"https:\/\/ok2jnj.ok2kld.cz\/ok2jnj\/wp-json\/wp\/v2\/categories?post=1551"},{"taxonomy":"post_tag","embeddable":true,"href":"https:\/\/ok2jnj.ok2kld.cz\/ok2jnj\/wp-json\/wp\/v2\/tags?post=1551"}],"curies":[{"name":"wp","href":"https:\/\/api.w.org\/{rel}","templated":true}]}}